{"id":20279,"date":"2020-03-17T18:01:24","date_gmt":"2020-03-17T21:01:24","guid":{"rendered":"https:\/\/www.facet.unt.edu.ar\/facetinforma\/?p=20279"},"modified":"2020-03-17T18:01:26","modified_gmt":"2020-03-17T21:01:26","slug":"se-suspenden-preventivamente-las-actividades-en-el-ambito-de-la-unt","status":"publish","type":"post","link":"https:\/\/www.facet.unt.edu.ar\/facetinforma\/2020\/03\/17\/se-suspenden-preventivamente-las-actividades-en-el-ambito-de-la-unt\/","title":{"rendered":"Se suspenden preventivamente las actividades en el \u00e1mbito de la UNT"},"content":{"rendered":"<div id=\"pl-20279\"  class=\"panel-layout\"><div id=\"pg-20279-0\"  class=\"panel-grid panel-no-style\"><div id=\"pgc-20279-0-0\"  class=\"panel-grid-cell\"><div id=\"panel-20279-0-0-0\" class=\"so-panel widget widget_black-studio-tinymce widget_black_studio_tinymce panel-first-child panel-last-child\" data-index=\"0\"><div class=\"textwidget\"><p><a href=\"https:\/\/www.facet.unt.edu.ar\/facetinforma\/wp-content\/uploads\/sites\/9\/2020\/03\/UNT.jpg\"><img class=\"aligncenter size-full wp-image-20280\" src=\"https:\/\/www.facet.unt.edu.ar\/facetinforma\/wp-content\/uploads\/sites\/9\/2020\/03\/UNT.jpg\" alt=\"\" width=\"830\" height=\"465\" \/><\/a><\/p>\n<\/div><\/div><\/div><div id=\"pgc-20279-0-1\"  class=\"panel-grid-cell\"><div id=\"panel-20279-0-1-0\" class=\"so-panel widget widget_sow-editor panel-first-child panel-last-child\" data-index=\"1\"><div\n\t\t\t\n\t\t\tclass=\"so-widget-sow-editor so-widget-sow-editor-base\">\n<div class=\"siteorigin-widget-tinymce textwidget\">\n\t<p style=\"font-weight: 400; text-align: justify;\">El Sr. Rector de la UNT, Ing. Agr. Jos\u00e9 Garc\u00eda, mediante Resoluci\u00f3n N\u00b0 0150\/2020, resolvi\u00f3 suspender preventivamente, las actividades acad\u00e9micas, administrativas, de investigaci\u00f3n y extensi\u00f3n en el \u00e1mbito de la UNT, incluyendo la suspensi\u00f3n de plazos administrativos de cualquier \u00edndole en curso, a partir de la fecha de la presente Resoluci\u00f3n, y hasta el 31 de marzo de 2020. <\/p><\/div><\/div><\/div><\/div><\/div><\/div><p><a class=\"more-link\" href=\"https:\/\/www.facet.unt.edu.ar\/facetinforma\/2020\/03\/17\/se-suspenden-preventivamente-las-actividades-en-el-ambito-de-la-unt\/\">Leer m\u00e1s<span class=\"meta-nav\">&rarr;<\/span><\/a><\/p>","protected":false},"excerpt":{"rendered":"<p>El Sr. Rector de la UNT, Ing. Agr. Jos\u00e9 Garc\u00eda, mediante Resoluci\u00f3n N\u00b0 0150\/2020, resolvi\u00f3 suspender preventivamente, las actividades acad\u00e9micas, administrativas, de investigaci\u00f3n y extensi\u00f3n en el \u00e1mbito de la UNT, incluyendo la suspensi\u00f3n de plazos administrativos de cualquier \u00edndole en curso, a partir de la fecha de la presente Resoluci\u00f3n, y hasta el 31 [&hellip;]<\/p>\n","protected":false},"author":6,"featured_media":0,"comment_status":"closed","ping_status":"closed","sticky":false,"template":"","format":"standard","meta":[],"categories":[5],"tags":[],"_links":{"self":[{"href":"https:\/\/www.facet.unt.edu.ar\/facetinforma\/wp-json\/wp\/v2\/posts\/20279"}],"collection":[{"href":"https:\/\/www.facet.unt.edu.ar\/facetinforma\/wp-json\/wp\/v2\/posts"}],"about":[{"href":"https:\/\/www.facet.unt.edu.ar\/facetinforma\/wp-json\/wp\/v2\/types\/post"}],"author":[{"embeddable":true,"href":"https:\/\/www.facet.unt.edu.ar\/facetinforma\/wp-json\/wp\/v2\/users\/6"}],"replies":[{"embeddable":true,"href":"https:\/\/www.facet.unt.edu.ar\/facetinforma\/wp-json\/wp\/v2\/comments?post=20279"}],"version-history":[{"count":1,"href":"https:\/\/www.facet.unt.edu.ar\/facetinforma\/wp-json\/wp\/v2\/posts\/20279\/revisions"}],"predecessor-version":[{"id":20281,"href":"https:\/\/www.facet.unt.edu.ar\/facetinforma\/wp-json\/wp\/v2\/posts\/20279\/revisions\/20281"}],"wp:attachment":[{"href":"https:\/\/www.facet.unt.edu.ar\/facetinforma\/wp-json\/wp\/v2\/media?parent=20279"}],"wp:term":[{"taxonomy":"category","embeddable":true,"href":"https:\/\/www.facet.unt.edu.ar\/facetinforma\/wp-json\/wp\/v2\/categories?post=20279"},{"taxonomy":"post_tag","embeddable":true,"href":"https:\/\/www.facet.unt.edu.ar\/facetinforma\/wp-json\/wp\/v2\/tags?post=20279"}],"curies":[{"name":"wp","href":"https:\/\/api.w.org\/{rel}","templated":true}]}}