{"id":20337,"date":"2020-04-12T00:10:04","date_gmt":"2020-04-12T03:10:04","guid":{"rendered":"https:\/\/www.facet.unt.edu.ar\/facetinforma\/?p=20337"},"modified":"2020-04-12T00:11:12","modified_gmt":"2020-04-12T03:11:12","slug":"prorrogan-la-suspension-de-actividades-en-la-unt","status":"publish","type":"post","link":"https:\/\/www.facet.unt.edu.ar\/facetinforma\/2020\/04\/12\/prorrogan-la-suspension-de-actividades-en-la-unt\/","title":{"rendered":"Prorrogan la Suspensi\u00f3n de Actividades en la UNT"},"content":{"rendered":"<div id=\"pl-20337\"  class=\"panel-layout\"><div id=\"pg-20337-0\"  class=\"panel-grid panel-no-style\"><div id=\"pgc-20337-0-0\"  class=\"panel-grid-cell\"><div id=\"panel-20337-0-0-0\" class=\"so-panel widget widget_black-studio-tinymce widget_black_studio_tinymce panel-first-child panel-last-child\" data-index=\"0\"><div class=\"textwidget\"><p><a href=\"https:\/\/www.facet.unt.edu.ar\/facetinforma\/wp-content\/uploads\/sites\/9\/2020\/03\/UNT.jpg\"><img class=\"aligncenter size-full wp-image-20280\" src=\"https:\/\/www.facet.unt.edu.ar\/facetinforma\/wp-content\/uploads\/sites\/9\/2020\/03\/UNT.jpg\" alt=\"\" width=\"830\" height=\"465\" \/><\/a><\/p>\n<\/div><\/div><\/div><div id=\"pgc-20337-0-1\"  class=\"panel-grid-cell\"><div id=\"panel-20337-0-1-0\" class=\"so-panel widget widget_sow-editor panel-first-child panel-last-child\" data-index=\"1\"><div\n\t\t\t\n\t\t\tclass=\"so-widget-sow-editor so-widget-sow-editor-base\">\n<div class=\"siteorigin-widget-tinymce textwidget\">\n\t<p style=\"font-weight: 400; text-align: justify;\"><strong>La decisi\u00f3n fue adoptada por el Rector, Ing. Jos\u00e9 Garc\u00eda. La disposici\u00f3n regir\u00e1 hasta el 27 de abril de 2020, inclusive.\u00a0<\/strong><\/p><\/div><\/div><\/div><\/div><\/div><\/div><p><a class=\"more-link\" href=\"https:\/\/www.facet.unt.edu.ar\/facetinforma\/2020\/04\/12\/prorrogan-la-suspension-de-actividades-en-la-unt\/\">Leer m\u00e1s<span class=\"meta-nav\">&rarr;<\/span><\/a><\/p>","protected":false},"excerpt":{"rendered":"<p>La decisi\u00f3n fue adoptada por el Rector, Ing. Jos\u00e9 Garc\u00eda. La disposici\u00f3n regir\u00e1 hasta el 27 de abril de 2020, inclusive.\u00a0El Sr. Rector de la UNT, Ing.\u00a0Jos\u00e9 Garc\u00eda, dict\u00f3 la\u00a0Resoluci\u00f3n N\u00b0 0153\/2020, estableciendo la Pr\u00f3rroga de la Suspensi\u00f3n de las Actividades en el \u00e1mbito de la Universidad Nacional de Tucum\u00e1n (UNT), ante la continuidad de [&hellip;]<\/p>\n","protected":false},"author":6,"featured_media":0,"comment_status":"closed","ping_status":"closed","sticky":false,"template":"","format":"standard","meta":[],"categories":[5],"tags":[],"_links":{"self":[{"href":"https:\/\/www.facet.unt.edu.ar\/facetinforma\/wp-json\/wp\/v2\/posts\/20337"}],"collection":[{"href":"https:\/\/www.facet.unt.edu.ar\/facetinforma\/wp-json\/wp\/v2\/posts"}],"about":[{"href":"https:\/\/www.facet.unt.edu.ar\/facetinforma\/wp-json\/wp\/v2\/types\/post"}],"author":[{"embeddable":true,"href":"https:\/\/www.facet.unt.edu.ar\/facetinforma\/wp-json\/wp\/v2\/users\/6"}],"replies":[{"embeddable":true,"href":"https:\/\/www.facet.unt.edu.ar\/facetinforma\/wp-json\/wp\/v2\/comments?post=20337"}],"version-history":[{"count":2,"href":"https:\/\/www.facet.unt.edu.ar\/facetinforma\/wp-json\/wp\/v2\/posts\/20337\/revisions"}],"predecessor-version":[{"id":20339,"href":"https:\/\/www.facet.unt.edu.ar\/facetinforma\/wp-json\/wp\/v2\/posts\/20337\/revisions\/20339"}],"wp:attachment":[{"href":"https:\/\/www.facet.unt.edu.ar\/facetinforma\/wp-json\/wp\/v2\/media?parent=20337"}],"wp:term":[{"taxonomy":"category","embeddable":true,"href":"https:\/\/www.facet.unt.edu.ar\/facetinforma\/wp-json\/wp\/v2\/categories?post=20337"},{"taxonomy":"post_tag","embeddable":true,"href":"https:\/\/www.facet.unt.edu.ar\/facetinforma\/wp-json\/wp\/v2\/tags?post=20337"}],"curies":[{"name":"wp","href":"https:\/\/api.w.org\/{rel}","templated":true}]}}