{"id":20391,"date":"2020-04-27T10:09:53","date_gmt":"2020-04-27T13:09:53","guid":{"rendered":"https:\/\/www.facet.unt.edu.ar\/facetinforma\/?p=20391"},"modified":"2020-04-29T03:13:57","modified_gmt":"2020-04-29T06:13:57","slug":"la-unt-prorroga-la-suspension-de-actividades-hasta-el-11-de-mayo","status":"publish","type":"post","link":"https:\/\/www.facet.unt.edu.ar\/facetinforma\/2020\/04\/27\/la-unt-prorroga-la-suspension-de-actividades-hasta-el-11-de-mayo\/","title":{"rendered":"La UNT prorroga la suspensi\u00f3n de actividades hasta el 11 de mayo"},"content":{"rendered":"<p style=\"text-align: justify;\">La medida se adopta en consonancia con las disposiciones nacionales. Abarca el cese de tareas acad\u00e9micas, administrativas, de extensi\u00f3n e investigaci\u00f3n. <!--more--><\/p>\n<div style=\"text-align: justify;\">El Rector de la Universidad Nacional de Tucum\u00e1n,<strong> Ing. Jos\u00e9 Garc<\/strong><strong>\u00eda<\/strong>, dispuso prorrogar las medidas de emergencia dispuestas con car\u00e1cter preventivo, mediante resoluciones rectorales, hasta el d\u00eda 11 de mayo, inclusive. La medida abarca la suspensi\u00f3n de actividades acad\u00e9micas, administrativas, de extensi\u00f3n e investigaci\u00f3n, as\u00ed como la suspensi\u00f3n de t\u00e9rminos y tr\u00e1mites con car\u00e1cter presencial.<\/div>\n<div style=\"text-align: justify;\"><\/div>\n<div style=\"text-align: justify;\">La pr\u00f3rroga se estableci\u00f3 por medio de la <a href=\"http:\/\/medios.unt.edu.ar\/\/adjunto\/2020\/04\/27\/prorroga.doc.pdf\" target=\"_blank\" rel=\"noopener noreferrer\">Resoluci\u00f3n N\u00b0 155\/2020<\/a>, considerando que, a la fecha, persiste la situaci\u00f3n de emergencia sanitaria en Argentina suscitada a ra\u00edz de la pandemia de COVID-19.<\/div>\n<div style=\"text-align: justify;\"><\/div>\n<div style=\"text-align: justify;\">El Rectorado, en consonancia con las recomendaciones de las autoridades sanitarias del \u00e1mbito nacional y en resguardo de la salud e integridad psico-f\u00edsica de la comunidad universitaria, dispuso la adopci\u00f3n de medidas preventivas. Dichas medidas son el aislamiento y la suspensi\u00f3n de actividades a fin de evitar todo riesgo de propagaci\u00f3n de la enfermedad.<\/div>\n<div><\/div>\n","protected":false},"excerpt":{"rendered":"<p>La medida se adopta en consonancia con las disposiciones nacionales. Abarca el cese de tareas acad\u00e9micas, administrativas, de extensi\u00f3n e investigaci\u00f3n.<\/p>\n","protected":false},"author":6,"featured_media":0,"comment_status":"closed","ping_status":"closed","sticky":false,"template":"","format":"standard","meta":[],"categories":[5],"tags":[],"_links":{"self":[{"href":"https:\/\/www.facet.unt.edu.ar\/facetinforma\/wp-json\/wp\/v2\/posts\/20391"}],"collection":[{"href":"https:\/\/www.facet.unt.edu.ar\/facetinforma\/wp-json\/wp\/v2\/posts"}],"about":[{"href":"https:\/\/www.facet.unt.edu.ar\/facetinforma\/wp-json\/wp\/v2\/types\/post"}],"author":[{"embeddable":true,"href":"https:\/\/www.facet.unt.edu.ar\/facetinforma\/wp-json\/wp\/v2\/users\/6"}],"replies":[{"embeddable":true,"href":"https:\/\/www.facet.unt.edu.ar\/facetinforma\/wp-json\/wp\/v2\/comments?post=20391"}],"version-history":[{"count":1,"href":"https:\/\/www.facet.unt.edu.ar\/facetinforma\/wp-json\/wp\/v2\/posts\/20391\/revisions"}],"predecessor-version":[{"id":20392,"href":"https:\/\/www.facet.unt.edu.ar\/facetinforma\/wp-json\/wp\/v2\/posts\/20391\/revisions\/20392"}],"wp:attachment":[{"href":"https:\/\/www.facet.unt.edu.ar\/facetinforma\/wp-json\/wp\/v2\/media?parent=20391"}],"wp:term":[{"taxonomy":"category","embeddable":true,"href":"https:\/\/www.facet.unt.edu.ar\/facetinforma\/wp-json\/wp\/v2\/categories?post=20391"},{"taxonomy":"post_tag","embeddable":true,"href":"https:\/\/www.facet.unt.edu.ar\/facetinforma\/wp-json\/wp\/v2\/tags?post=20391"}],"curies":[{"name":"wp","href":"https:\/\/api.w.org\/{rel}","templated":true}]}}