{"id":20501,"date":"2020-05-27T20:02:46","date_gmt":"2020-05-27T23:02:46","guid":{"rendered":"https:\/\/www.facet.unt.edu.ar\/facetinforma\/?p=20501"},"modified":"2020-05-27T20:02:47","modified_gmt":"2020-05-27T23:02:47","slug":"lanzamiento-de-matilda-y-las-mujeres-en-ingenieria-ii","status":"publish","type":"post","link":"https:\/\/www.facet.unt.edu.ar\/facetinforma\/2020\/05\/27\/lanzamiento-de-matilda-y-las-mujeres-en-ingenieria-ii\/","title":{"rendered":"Lanzamiento de Matilda y las mujeres en Ingenier\u00eda II"},"content":{"rendered":"<p style=\"text-align: justify;\">Con motivo de celebrar que desde hace 150 a\u00f1os la Ingenier\u00eda Argentina construye futuro, invitamos a la comunidad universitaria a participar de la transmisi\u00f3n en vivo de la presentaci\u00f3n del libro \u201cMatilda y las Mujeres en Ingenier\u00eda (parte II)\u201d, publicaci\u00f3n co editada entre el Consejo Federal de Decanos de Ingenier\u00eda (CONFEDI) y el Consorcio Latinoamericano y del Caribe de Instituciones de Ingenier\u00eda (LACCEI). <!--more--><\/p>\n<p style=\"text-align: justify;\">La misma se llevar\u00e1 a cabo el d\u00eda 6 de Junio, a las 12:00 hs, v\u00eda streaming (en vivo por Facebook y YouTube de CONFEDI).<\/p>\n<p style=\"text-align: justify;\">Se compartir\u00e1 las historias de m\u00e1s de 20 autoras de 9 pa\u00edses que compartir\u00e1n las distintas miradas de la Ingenier\u00eda desde el entorno familiar, el mundo laboral, el liderazgo y las vocaciones tempranas.<\/p>\n<p style=\"text-align: justify;\">Este libro es la secuela de Matilda I, publicado en 2019 entre CONFEDI y LACCEI con tal \u00e9xito, que se tradujo a 3 idiomas (Ingl\u00e9s, franc\u00e9s y portugu\u00e9s) y logr\u00f3 poner en marcha distintas acciones en Am\u00e9rica Latina para darle visibilidad al rol de las mujeres en la Ingenier\u00eda y despertar vocaciones tempranas.<\/p>\n","protected":false},"excerpt":{"rendered":"<p>Con motivo de celebrar que desde hace 150 a\u00f1os la Ingenier\u00eda Argentina construye futuro, invitamos a la comunidad universitaria a participar de la transmisi\u00f3n en vivo de la presentaci\u00f3n del libro \u201cMatilda y las Mujeres en Ingenier\u00eda (parte II)\u201d, publicaci\u00f3n co editada entre el Consejo Federal de Decanos de Ingenier\u00eda (CONFEDI) y el Consorcio Latinoamericano [&hellip;]<\/p>\n","protected":false},"author":6,"featured_media":0,"comment_status":"closed","ping_status":"closed","sticky":false,"template":"","format":"standard","meta":[],"categories":[5],"tags":[],"_links":{"self":[{"href":"https:\/\/www.facet.unt.edu.ar\/facetinforma\/wp-json\/wp\/v2\/posts\/20501"}],"collection":[{"href":"https:\/\/www.facet.unt.edu.ar\/facetinforma\/wp-json\/wp\/v2\/posts"}],"about":[{"href":"https:\/\/www.facet.unt.edu.ar\/facetinforma\/wp-json\/wp\/v2\/types\/post"}],"author":[{"embeddable":true,"href":"https:\/\/www.facet.unt.edu.ar\/facetinforma\/wp-json\/wp\/v2\/users\/6"}],"replies":[{"embeddable":true,"href":"https:\/\/www.facet.unt.edu.ar\/facetinforma\/wp-json\/wp\/v2\/comments?post=20501"}],"version-history":[{"count":1,"href":"https:\/\/www.facet.unt.edu.ar\/facetinforma\/wp-json\/wp\/v2\/posts\/20501\/revisions"}],"predecessor-version":[{"id":20502,"href":"https:\/\/www.facet.unt.edu.ar\/facetinforma\/wp-json\/wp\/v2\/posts\/20501\/revisions\/20502"}],"wp:attachment":[{"href":"https:\/\/www.facet.unt.edu.ar\/facetinforma\/wp-json\/wp\/v2\/media?parent=20501"}],"wp:term":[{"taxonomy":"category","embeddable":true,"href":"https:\/\/www.facet.unt.edu.ar\/facetinforma\/wp-json\/wp\/v2\/categories?post=20501"},{"taxonomy":"post_tag","embeddable":true,"href":"https:\/\/www.facet.unt.edu.ar\/facetinforma\/wp-json\/wp\/v2\/tags?post=20501"}],"curies":[{"name":"wp","href":"https:\/\/api.w.org\/{rel}","templated":true}]}}