{"id":20597,"date":"2020-06-30T16:46:16","date_gmt":"2020-06-30T19:46:16","guid":{"rendered":"https:\/\/www.facet.unt.edu.ar\/facetinforma\/?p=20597"},"modified":"2020-06-30T19:24:19","modified_gmt":"2020-06-30T22:24:19","slug":"charla-online-la-importancia-de-la-comunicacion-efectiva-para-la-vida-laboral-y-personal","status":"publish","type":"post","link":"https:\/\/www.facet.unt.edu.ar\/facetinforma\/2020\/06\/30\/charla-online-la-importancia-de-la-comunicacion-efectiva-para-la-vida-laboral-y-personal\/","title":{"rendered":"Charla Online \u201cLa importancia de la Comunicaci\u00f3n Efectiva para la vida laboral y personal\u201d"},"content":{"rendered":"<div id=\"pl-20597\"  class=\"panel-layout\"><div id=\"pg-20597-0\"  class=\"panel-grid panel-no-style\"><div id=\"pgc-20597-0-0\"  class=\"panel-grid-cell\"><div id=\"panel-20597-0-0-0\" class=\"so-panel widget widget_black-studio-tinymce widget_black_studio_tinymce panel-first-child panel-last-child\" data-index=\"0\"><div class=\"textwidget\"><p><a href=\"https:\/\/www.facet.unt.edu.ar\/facetinforma\/wp-content\/uploads\/sites\/9\/2020\/06\/CHARLA-La-importancia-de-la-Comunicaci\u00f3n-Efectiva-para-la-vida-laboral-y-personal.png\"><img class=\"aligncenter size-full wp-image-20598\" src=\"https:\/\/www.facet.unt.edu.ar\/facetinforma\/wp-content\/uploads\/sites\/9\/2020\/06\/CHARLA-La-importancia-de-la-Comunicaci\u00f3n-Efectiva-para-la-vida-laboral-y-personal.png\" alt=\"\" width=\"940\" height=\"788\" \/><\/a><\/p>\n<\/div><\/div><\/div><div id=\"pgc-20597-0-1\"  class=\"panel-grid-cell\"><div id=\"panel-20597-0-1-0\" class=\"so-panel widget widget_sow-editor panel-first-child panel-last-child\" data-index=\"1\"><div\n\t\t\t\n\t\t\tclass=\"so-widget-sow-editor so-widget-sow-editor-base\">\n<div class=\"siteorigin-widget-tinymce textwidget\">\n\t<p style=\"text-align: justify;\">La Coordinaci\u00f3n de Vinculaci\u00f3n y Transferencia Tecnol\u00f3gica de nuestra Facultad junto a la Licenciada en Comunicaci\u00f3n Social y Especialista en Direcci\u00f3n de RRHH, Ana Romina Budeguer, invitan a los interesados a participar de la charla Online: \"La importancia de la Comunicaci\u00f3n Efectiva para la vida laboral y personal\". <\/p><\/div><\/div><\/div><\/div><\/div><\/div><p><a class=\"more-link\" href=\"https:\/\/www.facet.unt.edu.ar\/facetinforma\/2020\/06\/30\/charla-online-la-importancia-de-la-comunicacion-efectiva-para-la-vida-laboral-y-personal\/\">Leer m\u00e1s<span class=\"meta-nav\">&rarr;<\/span><\/a><\/p>","protected":false},"excerpt":{"rendered":"<p>La Coordinaci\u00f3n de Vinculaci\u00f3n y Transferencia Tecnol\u00f3gica de nuestra Facultad junto a la Licenciada en Comunicaci\u00f3n Social y Especialista en Direcci\u00f3n de RRHH, Ana Romina Budeguer, invitan a los interesados a participar de la charla Online: &#8220;La importancia de la Comunicaci\u00f3n Efectiva para la vida laboral y personal&#8221;. En este encuentro se abordar\u00e1n temas claves [&hellip;]<\/p>\n","protected":false},"author":6,"featured_media":0,"comment_status":"closed","ping_status":"closed","sticky":false,"template":"","format":"standard","meta":[],"categories":[5],"tags":[],"_links":{"self":[{"href":"https:\/\/www.facet.unt.edu.ar\/facetinforma\/wp-json\/wp\/v2\/posts\/20597"}],"collection":[{"href":"https:\/\/www.facet.unt.edu.ar\/facetinforma\/wp-json\/wp\/v2\/posts"}],"about":[{"href":"https:\/\/www.facet.unt.edu.ar\/facetinforma\/wp-json\/wp\/v2\/types\/post"}],"author":[{"embeddable":true,"href":"https:\/\/www.facet.unt.edu.ar\/facetinforma\/wp-json\/wp\/v2\/users\/6"}],"replies":[{"embeddable":true,"href":"https:\/\/www.facet.unt.edu.ar\/facetinforma\/wp-json\/wp\/v2\/comments?post=20597"}],"version-history":[{"count":2,"href":"https:\/\/www.facet.unt.edu.ar\/facetinforma\/wp-json\/wp\/v2\/posts\/20597\/revisions"}],"predecessor-version":[{"id":20604,"href":"https:\/\/www.facet.unt.edu.ar\/facetinforma\/wp-json\/wp\/v2\/posts\/20597\/revisions\/20604"}],"wp:attachment":[{"href":"https:\/\/www.facet.unt.edu.ar\/facetinforma\/wp-json\/wp\/v2\/media?parent=20597"}],"wp:term":[{"taxonomy":"category","embeddable":true,"href":"https:\/\/www.facet.unt.edu.ar\/facetinforma\/wp-json\/wp\/v2\/categories?post=20597"},{"taxonomy":"post_tag","embeddable":true,"href":"https:\/\/www.facet.unt.edu.ar\/facetinforma\/wp-json\/wp\/v2\/tags?post=20597"}],"curies":[{"name":"wp","href":"https:\/\/api.w.org\/{rel}","templated":true}]}}