{"id":20614,"date":"2020-07-02T18:33:05","date_gmt":"2020-07-02T21:33:05","guid":{"rendered":"https:\/\/www.facet.unt.edu.ar\/facetinforma\/?p=20614"},"modified":"2020-07-02T20:17:16","modified_gmt":"2020-07-02T23:17:16","slug":"dictaran-un-seminario-web-sobre-evaluacion-no-presencial","status":"publish","type":"post","link":"https:\/\/www.facet.unt.edu.ar\/facetinforma\/2020\/07\/02\/dictaran-un-seminario-web-sobre-evaluacion-no-presencial\/","title":{"rendered":"Dictar\u00e1n un Seminario Web sobre \u201cEvaluaci\u00f3n no Presencial\u201d"},"content":{"rendered":"<div id=\"pl-20614\"  class=\"panel-layout\"><div id=\"pg-20614-0\"  class=\"panel-grid panel-no-style\"><div id=\"pgc-20614-0-0\"  class=\"panel-grid-cell\"><div id=\"panel-20614-0-0-0\" class=\"so-panel widget widget_black-studio-tinymce widget_black_studio_tinymce panel-first-child panel-last-child\" data-index=\"0\"><div class=\"textwidget\"><p><a href=\"https:\/\/www.facet.unt.edu.ar\/facetinforma\/wp-content\/uploads\/sites\/9\/2020\/07\/SEMINARIO-WEB-SECRETAR\u00cdA-ACAD\u00c9MICA.jpg\"><img class=\"aligncenter size-full wp-image-20615\" src=\"https:\/\/www.facet.unt.edu.ar\/facetinforma\/wp-content\/uploads\/sites\/9\/2020\/07\/SEMINARIO-WEB-SECRETAR\u00cdA-ACAD\u00c9MICA.jpg\" alt=\"\" width=\"940\" height=\"788\" \/><\/a><\/p>\n<\/div><\/div><\/div><div id=\"pgc-20614-0-1\"  class=\"panel-grid-cell\"><div id=\"panel-20614-0-1-0\" class=\"so-panel widget widget_sow-editor panel-first-child panel-last-child\" data-index=\"1\"><div\n\t\t\t\n\t\t\tclass=\"so-widget-sow-editor so-widget-sow-editor-base\">\n<div class=\"siteorigin-widget-tinymce textwidget\">\n\t<p style=\"text-align: justify;\">La Secretar\u00eda Acad\u00e9mica de la Universidad Nacional de Tucum\u00e1n (UNT) organiza el dictado del Seminario web sobre \u201cEvaluaci\u00f3n no Presencial\u201d, destinado a docentes de todas las unidades acad\u00e9micas y escuelas experimentales. <\/p><\/div><\/div><\/div><\/div><\/div><\/div><p><a class=\"more-link\" href=\"https:\/\/www.facet.unt.edu.ar\/facetinforma\/2020\/07\/02\/dictaran-un-seminario-web-sobre-evaluacion-no-presencial\/\">Leer m\u00e1s<span class=\"meta-nav\">&rarr;<\/span><\/a><\/p>","protected":false},"excerpt":{"rendered":"<p>La Secretar\u00eda Acad\u00e9mica de la Universidad Nacional de Tucum\u00e1n (UNT) organiza el dictado del Seminario web sobre \u201cEvaluaci\u00f3n no Presencial\u201d, destinado a docentes de todas las unidades acad\u00e9micas y escuelas experimentales. Para participar hay que ingresar, en los d\u00edas y horarios indicados, al canal oficial de YouTube de UNT Virtual: Lunes 6 de julio, a [&hellip;]<\/p>\n","protected":false},"author":6,"featured_media":0,"comment_status":"closed","ping_status":"closed","sticky":false,"template":"","format":"standard","meta":[],"categories":[5],"tags":[],"_links":{"self":[{"href":"https:\/\/www.facet.unt.edu.ar\/facetinforma\/wp-json\/wp\/v2\/posts\/20614"}],"collection":[{"href":"https:\/\/www.facet.unt.edu.ar\/facetinforma\/wp-json\/wp\/v2\/posts"}],"about":[{"href":"https:\/\/www.facet.unt.edu.ar\/facetinforma\/wp-json\/wp\/v2\/types\/post"}],"author":[{"embeddable":true,"href":"https:\/\/www.facet.unt.edu.ar\/facetinforma\/wp-json\/wp\/v2\/users\/6"}],"replies":[{"embeddable":true,"href":"https:\/\/www.facet.unt.edu.ar\/facetinforma\/wp-json\/wp\/v2\/comments?post=20614"}],"version-history":[{"count":3,"href":"https:\/\/www.facet.unt.edu.ar\/facetinforma\/wp-json\/wp\/v2\/posts\/20614\/revisions"}],"predecessor-version":[{"id":20623,"href":"https:\/\/www.facet.unt.edu.ar\/facetinforma\/wp-json\/wp\/v2\/posts\/20614\/revisions\/20623"}],"wp:attachment":[{"href":"https:\/\/www.facet.unt.edu.ar\/facetinforma\/wp-json\/wp\/v2\/media?parent=20614"}],"wp:term":[{"taxonomy":"category","embeddable":true,"href":"https:\/\/www.facet.unt.edu.ar\/facetinforma\/wp-json\/wp\/v2\/categories?post=20614"},{"taxonomy":"post_tag","embeddable":true,"href":"https:\/\/www.facet.unt.edu.ar\/facetinforma\/wp-json\/wp\/v2\/tags?post=20614"}],"curies":[{"name":"wp","href":"https:\/\/api.w.org\/{rel}","templated":true}]}}