{"id":20617,"date":"2020-07-02T19:54:53","date_gmt":"2020-07-02T22:54:53","guid":{"rendered":"https:\/\/www.facet.unt.edu.ar\/facetinforma\/?p=20617"},"modified":"2020-07-02T21:12:22","modified_gmt":"2020-07-03T00:12:22","slug":"alumna-de-licenciatura-en-matematica-se-graduo-en-cuarentena","status":"publish","type":"post","link":"https:\/\/www.facet.unt.edu.ar\/facetinforma\/2020\/07\/02\/alumna-de-licenciatura-en-matematica-se-graduo-en-cuarentena\/","title":{"rendered":"Alumna de Licenciatura en Matem\u00e1tica se gradu\u00f3 en cuarentena"},"content":{"rendered":"<div id=\"pl-20617\"  class=\"panel-layout\"><div id=\"pg-20617-0\"  class=\"panel-grid panel-no-style\"><div id=\"pgc-20617-0-0\"  class=\"panel-grid-cell\"><div id=\"panel-20617-0-0-0\" class=\"so-panel widget widget_black-studio-tinymce widget_black_studio_tinymce panel-first-child panel-last-child\" data-index=\"0\"><div class=\"textwidget\"><p><a href=\"https:\/\/www.facet.unt.edu.ar\/facetinforma\/wp-content\/uploads\/sites\/9\/2020\/07\/PROYECTO-GRADUACION-LIC-MATEM\u00c1TICA-COSSIO.png\"><img class=\"aligncenter size-large wp-image-20627\" src=\"https:\/\/www.facet.unt.edu.ar\/facetinforma\/wp-content\/uploads\/sites\/9\/2020\/07\/PROYECTO-GRADUACION-LIC-MATEM\u00c1TICA-COSSIO-1024x568.png\" alt=\"\" width=\"720\" height=\"399\" \/><\/a><\/p>\n<\/div><\/div><\/div><div id=\"pgc-20617-0-1\"  class=\"panel-grid-cell\"><div id=\"panel-20617-0-1-0\" class=\"so-panel widget widget_sow-editor panel-first-child panel-last-child\" data-index=\"1\"><div\n\t\t\t\n\t\t\tclass=\"so-widget-sow-editor so-widget-sow-editor-base\">\n<div class=\"siteorigin-widget-tinymce textwidget\">\n\t<p style=\"text-align: justify;\"><strong>Mar\u00eda Cristina Cossio, alumna de la carrera de Licenciatura en Matem\u00e1tica de la FACET, present\u00f3 la defensa de su tesis de Proyecto Final de Carrera, a trav\u00e9s de un seminario virtual.<\/strong><\/p><\/div><\/div><\/div><\/div><\/div><\/div><p><a class=\"more-link\" href=\"https:\/\/www.facet.unt.edu.ar\/facetinforma\/2020\/07\/02\/alumna-de-licenciatura-en-matematica-se-graduo-en-cuarentena\/\">Leer m\u00e1s<span class=\"meta-nav\">&rarr;<\/span><\/a><\/p>","protected":false},"excerpt":{"rendered":"<p>Mar\u00eda Cristina Cossio, alumna de la carrera de Licenciatura en Matem\u00e1tica de la FACET, present\u00f3 la defensa de su tesis de Proyecto Final de Carrera, a trav\u00e9s de un seminario virtual. La alumna de la FACET, Mar\u00eda Cristina Cossio, logr\u00f3 culminar sus estudios de grado, el d\u00eda 22 de mayo, donde present\u00f3 de manera online [&hellip;]<\/p>\n","protected":false},"author":6,"featured_media":0,"comment_status":"closed","ping_status":"closed","sticky":false,"template":"","format":"standard","meta":[],"categories":[5],"tags":[],"_links":{"self":[{"href":"https:\/\/www.facet.unt.edu.ar\/facetinforma\/wp-json\/wp\/v2\/posts\/20617"}],"collection":[{"href":"https:\/\/www.facet.unt.edu.ar\/facetinforma\/wp-json\/wp\/v2\/posts"}],"about":[{"href":"https:\/\/www.facet.unt.edu.ar\/facetinforma\/wp-json\/wp\/v2\/types\/post"}],"author":[{"embeddable":true,"href":"https:\/\/www.facet.unt.edu.ar\/facetinforma\/wp-json\/wp\/v2\/users\/6"}],"replies":[{"embeddable":true,"href":"https:\/\/www.facet.unt.edu.ar\/facetinforma\/wp-json\/wp\/v2\/comments?post=20617"}],"version-history":[{"count":7,"href":"https:\/\/www.facet.unt.edu.ar\/facetinforma\/wp-json\/wp\/v2\/posts\/20617\/revisions"}],"predecessor-version":[{"id":20625,"href":"https:\/\/www.facet.unt.edu.ar\/facetinforma\/wp-json\/wp\/v2\/posts\/20617\/revisions\/20625"}],"wp:attachment":[{"href":"https:\/\/www.facet.unt.edu.ar\/facetinforma\/wp-json\/wp\/v2\/media?parent=20617"}],"wp:term":[{"taxonomy":"category","embeddable":true,"href":"https:\/\/www.facet.unt.edu.ar\/facetinforma\/wp-json\/wp\/v2\/categories?post=20617"},{"taxonomy":"post_tag","embeddable":true,"href":"https:\/\/www.facet.unt.edu.ar\/facetinforma\/wp-json\/wp\/v2\/tags?post=20617"}],"curies":[{"name":"wp","href":"https:\/\/api.w.org\/{rel}","templated":true}]}}