{"id":20716,"date":"2020-07-23T21:31:46","date_gmt":"2020-07-24T00:31:46","guid":{"rendered":"https:\/\/www.facet.unt.edu.ar\/facetinforma\/?p=20716"},"modified":"2020-07-23T22:27:10","modified_gmt":"2020-07-24T01:27:10","slug":"curso-de-posgrado-campo-magnetico-de-la-tierra-y-actividad-geomagnetica-modalidad-virtual","status":"publish","type":"post","link":"https:\/\/www.facet.unt.edu.ar\/facetinforma\/2020\/07\/23\/curso-de-posgrado-campo-magnetico-de-la-tierra-y-actividad-geomagnetica-modalidad-virtual\/","title":{"rendered":"Curso de Posgrado \u201cCampo Magn\u00e9tico de la Tierra y Actividad Geomagn\u00e9tica\u201d \u2013 Modalidad Virtual"},"content":{"rendered":"<div id=\"pl-20716\"  class=\"panel-layout\"><div id=\"pg-20716-0\"  class=\"panel-grid panel-no-style\"><div id=\"pgc-20716-0-0\"  class=\"panel-grid-cell\"><div id=\"panel-20716-0-0-0\" class=\"so-panel widget widget_black-studio-tinymce widget_black_studio_tinymce panel-first-child panel-last-child\" data-index=\"0\"><div class=\"textwidget\"><p><a href=\"https:\/\/www.facet.unt.edu.ar\/facetinforma\/wp-content\/uploads\/sites\/9\/2020\/07\/CURSO-DE-POSGRADO-El\u00edas.png\"><img class=\"aligncenter size-large wp-image-20727\" src=\"https:\/\/www.facet.unt.edu.ar\/facetinforma\/wp-content\/uploads\/sites\/9\/2020\/07\/CURSO-DE-POSGRADO-El\u00edas-1024x858.png\" alt=\"\" width=\"720\" height=\"603\" \/><\/a><\/p>\n<\/div><\/div><\/div><div id=\"pgc-20716-0-1\"  class=\"panel-grid-cell\"><div id=\"panel-20716-0-1-0\" class=\"so-panel widget widget_sow-editor panel-first-child panel-last-child\" data-index=\"1\"><div\n\t\t\t\n\t\t\tclass=\"so-widget-sow-editor so-widget-sow-editor-base\">\n<div class=\"siteorigin-widget-tinymce textwidget\">\n\t<p style=\"text-align: justify;\">En el marco del Trayecto Curricular \u201cCiencia de Datos Aplicada a Meteorolog\u00eda del Espacio - Resoluci\u00f3n N\u00b0 0680\/2019\u201d, se informa a los interesados que se encuentran abiertas las inscripciones para el curso de posgrado <strong>\u201cCampo Magn\u00e9tico de la Tierra y Actividad Geomagn\u00e9tica\u201d<\/strong>, a cargo de la <strong>Dra. Ana G. El\u00edas<\/strong> (FACET-UNT- CONICET). El mismo se desarrollar\u00e1 en modalidad virtual y dar\u00e1 inicio el d\u00eda <strong>jueves 30 de julio<\/strong>, a las <strong>10:00 hs<\/strong>.<\/p><\/div><\/div><\/div><\/div><\/div><\/div><p><a class=\"more-link\" href=\"https:\/\/www.facet.unt.edu.ar\/facetinforma\/2020\/07\/23\/curso-de-posgrado-campo-magnetico-de-la-tierra-y-actividad-geomagnetica-modalidad-virtual\/\">Leer m\u00e1s<span class=\"meta-nav\">&rarr;<\/span><\/a><\/p>","protected":false},"excerpt":{"rendered":"<p>En el marco del Trayecto Curricular \u201cCiencia de Datos Aplicada a Meteorolog\u00eda del Espacio &#8211; Resoluci\u00f3n N\u00b0 0680\/2019\u201d, se informa a los interesados que se encuentran abiertas las inscripciones para el curso de posgrado \u201cCampo Magn\u00e9tico de la Tierra y Actividad Geomagn\u00e9tica\u201d, a cargo de la Dra. Ana G. El\u00edas (FACET-UNT- CONICET). El mismo se [&hellip;]<\/p>\n","protected":false},"author":6,"featured_media":0,"comment_status":"closed","ping_status":"closed","sticky":false,"template":"","format":"standard","meta":[],"categories":[5,4],"tags":[],"_links":{"self":[{"href":"https:\/\/www.facet.unt.edu.ar\/facetinforma\/wp-json\/wp\/v2\/posts\/20716"}],"collection":[{"href":"https:\/\/www.facet.unt.edu.ar\/facetinforma\/wp-json\/wp\/v2\/posts"}],"about":[{"href":"https:\/\/www.facet.unt.edu.ar\/facetinforma\/wp-json\/wp\/v2\/types\/post"}],"author":[{"embeddable":true,"href":"https:\/\/www.facet.unt.edu.ar\/facetinforma\/wp-json\/wp\/v2\/users\/6"}],"replies":[{"embeddable":true,"href":"https:\/\/www.facet.unt.edu.ar\/facetinforma\/wp-json\/wp\/v2\/comments?post=20716"}],"version-history":[{"count":8,"href":"https:\/\/www.facet.unt.edu.ar\/facetinforma\/wp-json\/wp\/v2\/posts\/20716\/revisions"}],"predecessor-version":[{"id":20729,"href":"https:\/\/www.facet.unt.edu.ar\/facetinforma\/wp-json\/wp\/v2\/posts\/20716\/revisions\/20729"}],"wp:attachment":[{"href":"https:\/\/www.facet.unt.edu.ar\/facetinforma\/wp-json\/wp\/v2\/media?parent=20716"}],"wp:term":[{"taxonomy":"category","embeddable":true,"href":"https:\/\/www.facet.unt.edu.ar\/facetinforma\/wp-json\/wp\/v2\/categories?post=20716"},{"taxonomy":"post_tag","embeddable":true,"href":"https:\/\/www.facet.unt.edu.ar\/facetinforma\/wp-json\/wp\/v2\/tags?post=20716"}],"curies":[{"name":"wp","href":"https:\/\/api.w.org\/{rel}","templated":true}]}}