{"id":20930,"date":"2020-09-15T12:55:08","date_gmt":"2020-09-15T15:55:08","guid":{"rendered":"https:\/\/www.facet.unt.edu.ar\/facetinforma\/?p=20930"},"modified":"2020-09-16T19:56:45","modified_gmt":"2020-09-16T22:56:45","slug":"webinar-la-importancia-de-la-comunicacion-efectiva-para-la-vida-laboral-y-personal","status":"publish","type":"post","link":"https:\/\/www.facet.unt.edu.ar\/facetinforma\/2020\/09\/15\/webinar-la-importancia-de-la-comunicacion-efectiva-para-la-vida-laboral-y-personal\/","title":{"rendered":"Webinar \u201cLa importancia de la Comunicaci\u00f3n Efectiva para la vida laboral y personal\u201d"},"content":{"rendered":"<div id=\"pl-20930\"  class=\"panel-layout\"><div id=\"pg-20930-0\"  class=\"panel-grid panel-no-style\"><div id=\"pgc-20930-0-0\"  class=\"panel-grid-cell\"><div id=\"panel-20930-0-0-0\" class=\"so-panel widget widget_black-studio-tinymce widget_black_studio_tinymce panel-first-child panel-last-child\" data-index=\"0\"><div class=\"textwidget\"><p><a href=\"https:\/\/www.facet.unt.edu.ar\/facetinforma\/wp-content\/uploads\/sites\/9\/2020\/09\/webinar-comunicacion-eficiente.png\"><img class=\"aligncenter size-large wp-image-20931\" src=\"https:\/\/www.facet.unt.edu.ar\/facetinforma\/wp-content\/uploads\/sites\/9\/2020\/09\/webinar-comunicacion-eficiente-1024x576.png\" alt=\"\" width=\"720\" height=\"405\" \/><\/a><\/p>\n<\/div><\/div><\/div><div id=\"pgc-20930-0-1\"  class=\"panel-grid-cell\"><div id=\"panel-20930-0-1-0\" class=\"so-panel widget widget_sow-editor panel-first-child panel-last-child\" data-index=\"1\"><div\n\t\t\t\n\t\t\tclass=\"so-widget-sow-editor so-widget-sow-editor-base\">\n<div class=\"siteorigin-widget-tinymce textwidget\">\n\t<p style=\"text-align: justify;\">El Club Ingenio de la FACET invita a los interesados a participar del <strong>Seminario Web \"La importancia de la Comunicaci\u00f3n Efectiva para la vida laboral y personal\"<\/strong>, que se llevar\u00e1 a cabo el pr\u00f3ximo <strong>07 de Octubre<\/strong>, a las <strong>18:30 hs<\/strong>, por la plataforma Google Meet.<\/p><\/div><\/div><\/div><\/div><\/div><\/div><p><a class=\"more-link\" href=\"https:\/\/www.facet.unt.edu.ar\/facetinforma\/2020\/09\/15\/webinar-la-importancia-de-la-comunicacion-efectiva-para-la-vida-laboral-y-personal\/\">Leer m\u00e1s<span class=\"meta-nav\">&rarr;<\/span><\/a><\/p>","protected":false},"excerpt":{"rendered":"<p>El Club Ingenio de la FACET invita a los interesados a participar del Seminario Web &#8220;La importancia de la Comunicaci\u00f3n Efectiva para la vida laboral y personal&#8221;, que se llevar\u00e1 a cabo el pr\u00f3ximo 07 de Octubre, a las 18:30 hs, por la plataforma Google Meet. En este encuentro la Lic. Ana Romina Toscano Budeguer [&hellip;]<\/p>\n","protected":false},"author":6,"featured_media":0,"comment_status":"closed","ping_status":"closed","sticky":false,"template":"","format":"standard","meta":[],"categories":[5],"tags":[],"_links":{"self":[{"href":"https:\/\/www.facet.unt.edu.ar\/facetinforma\/wp-json\/wp\/v2\/posts\/20930"}],"collection":[{"href":"https:\/\/www.facet.unt.edu.ar\/facetinforma\/wp-json\/wp\/v2\/posts"}],"about":[{"href":"https:\/\/www.facet.unt.edu.ar\/facetinforma\/wp-json\/wp\/v2\/types\/post"}],"author":[{"embeddable":true,"href":"https:\/\/www.facet.unt.edu.ar\/facetinforma\/wp-json\/wp\/v2\/users\/6"}],"replies":[{"embeddable":true,"href":"https:\/\/www.facet.unt.edu.ar\/facetinforma\/wp-json\/wp\/v2\/comments?post=20930"}],"version-history":[{"count":9,"href":"https:\/\/www.facet.unt.edu.ar\/facetinforma\/wp-json\/wp\/v2\/posts\/20930\/revisions"}],"predecessor-version":[{"id":20971,"href":"https:\/\/www.facet.unt.edu.ar\/facetinforma\/wp-json\/wp\/v2\/posts\/20930\/revisions\/20971"}],"wp:attachment":[{"href":"https:\/\/www.facet.unt.edu.ar\/facetinforma\/wp-json\/wp\/v2\/media?parent=20930"}],"wp:term":[{"taxonomy":"category","embeddable":true,"href":"https:\/\/www.facet.unt.edu.ar\/facetinforma\/wp-json\/wp\/v2\/categories?post=20930"},{"taxonomy":"post_tag","embeddable":true,"href":"https:\/\/www.facet.unt.edu.ar\/facetinforma\/wp-json\/wp\/v2\/tags?post=20930"}],"curies":[{"name":"wp","href":"https:\/\/api.w.org\/{rel}","templated":true}]}}