{"id":2097,"date":"2012-10-12T13:06:58","date_gmt":"2012-10-12T13:06:58","guid":{"rendered":"http:\/\/www1.herrera.unt.edu.ar\/facetinforma\/?p=2097"},"modified":"2012-10-12T13:06:58","modified_gmt":"2012-10-12T13:06:58","slug":"i-jornadas-de-experiencias-educativas-integracion-tic-en-la-facet","status":"publish","type":"post","link":"https:\/\/www.facet.unt.edu.ar\/facetinforma\/2012\/10\/12\/i-jornadas-de-experiencias-educativas-integracion-tic-en-la-facet\/","title":{"rendered":"I Jornadas de Experiencias Educativas: Integraci\u00f3n TIC en la FACET"},"content":{"rendered":"<p style=\"text-align: justify\">Tenemos el agrado de dirigirnos a toda la comunidad de la FACET para comunicarles que estamos organizando las primeras\u00a0<strong>Jornadas \u00a0de Intercambio de Experiencias Educativas: Integraci\u00f3n TIC<\/strong> en la FACET, el pr\u00f3ximo<strong> 16 de noviembre<\/strong> del cte. a\u00f1o.<\/p>\n<p style=\"text-align: justify\">Los invitamos y convocamos para participar en las mismas, como un espacio propicio para encontrarnos y compartir experiencias.\u00a0<\/p>\n<p style=\"text-align: justify\">Adjuntamos la primera circular con la informaci\u00f3n correspondiente:<br \/> &#8211; <a href=\"https:\/\/www.facet.unt.edu.ar\/facetinforma\/wp-content\/uploads\/sites\/9\/2012\/10\/Primera-Circular.pdf\" target=\"_blank\">Primera Circular.pdf<\/a><\/p>\n<p style=\"text-align: justify\">Esperamos contar con los valiosos aportes de todos.<\/p>\n<p style=\"text-align: justify\">Saludos cordiales,<\/p>\n<h6><span style=\"font-size: x-small;font-family: times new roman,times\">&#8212;<\/span><br \/><span style=\"font-size: x-small;font-family: times new roman,times\"> EQUIPO CEDITE &#8211; FACET &#8211; UNT<\/span><br \/><span style=\"font-size: x-small;font-family: times new roman,times\"> Centro de Educaci\u00f3n a Distancia<\/span><br \/><span style=\"font-size: x-small;font-family: times new roman,times\"> e Inv. en Tecnolog\u00edas Educativas<\/span><\/h6>\n","protected":false},"excerpt":{"rendered":"<p>Tenemos el agrado de dirigirnos a toda la comunidad de la FACET para comunicarles que estamos organizando las primeras\u00a0Jornadas \u00a0de Intercambio de Experiencias Educativas: Integraci\u00f3n TIC en la FACET, el pr\u00f3ximo 16 de noviembre del cte. a\u00f1o. Los invitamos y convocamos para participar en las mismas, como un espacio propicio para encontrarnos y compartir experiencias.\u00a0 [&hellip;]<\/p>\n","protected":false},"author":6,"featured_media":0,"comment_status":"closed","ping_status":"open","sticky":false,"template":"","format":"standard","meta":[],"categories":[5],"tags":[],"_links":{"self":[{"href":"https:\/\/www.facet.unt.edu.ar\/facetinforma\/wp-json\/wp\/v2\/posts\/2097"}],"collection":[{"href":"https:\/\/www.facet.unt.edu.ar\/facetinforma\/wp-json\/wp\/v2\/posts"}],"about":[{"href":"https:\/\/www.facet.unt.edu.ar\/facetinforma\/wp-json\/wp\/v2\/types\/post"}],"author":[{"embeddable":true,"href":"https:\/\/www.facet.unt.edu.ar\/facetinforma\/wp-json\/wp\/v2\/users\/6"}],"replies":[{"embeddable":true,"href":"https:\/\/www.facet.unt.edu.ar\/facetinforma\/wp-json\/wp\/v2\/comments?post=2097"}],"version-history":[{"count":0,"href":"https:\/\/www.facet.unt.edu.ar\/facetinforma\/wp-json\/wp\/v2\/posts\/2097\/revisions"}],"wp:attachment":[{"href":"https:\/\/www.facet.unt.edu.ar\/facetinforma\/wp-json\/wp\/v2\/media?parent=2097"}],"wp:term":[{"taxonomy":"category","embeddable":true,"href":"https:\/\/www.facet.unt.edu.ar\/facetinforma\/wp-json\/wp\/v2\/categories?post=2097"},{"taxonomy":"post_tag","embeddable":true,"href":"https:\/\/www.facet.unt.edu.ar\/facetinforma\/wp-json\/wp\/v2\/tags?post=2097"}],"curies":[{"name":"wp","href":"https:\/\/api.w.org\/{rel}","templated":true}]}}