{"id":20984,"date":"2020-09-23T14:14:09","date_gmt":"2020-09-23T17:14:09","guid":{"rendered":"https:\/\/www.facet.unt.edu.ar\/facetinforma\/?p=20984"},"modified":"2020-09-23T14:17:45","modified_gmt":"2020-09-23T17:17:45","slug":"curso-de-posgrado-metodologia-de-la-investigacion-modalidad-virtual","status":"publish","type":"post","link":"https:\/\/www.facet.unt.edu.ar\/facetinforma\/2020\/09\/23\/curso-de-posgrado-metodologia-de-la-investigacion-modalidad-virtual\/","title":{"rendered":"Curso de Posgrado \u201cMetodolog\u00eda de la Investigaci\u00f3n\u201d &#8211; Modalidad Virtual"},"content":{"rendered":"<div id=\"pl-20984\"  class=\"panel-layout\"><div id=\"pg-20984-0\"  class=\"panel-grid panel-no-style\"><div id=\"pgc-20984-0-0\"  class=\"panel-grid-cell\"><div id=\"panel-20984-0-0-0\" class=\"so-panel widget widget_black-studio-tinymce widget_black_studio_tinymce panel-first-child panel-last-child\" data-index=\"0\"><div class=\"textwidget\"><p><a href=\"https:\/\/www.facet.unt.edu.ar\/facetinforma\/wp-content\/uploads\/sites\/9\/2020\/09\/curso-de-posgrado-unc.png\"><img class=\"aligncenter size-large wp-image-20988\" src=\"https:\/\/www.facet.unt.edu.ar\/facetinforma\/wp-content\/uploads\/sites\/9\/2020\/09\/curso-de-posgrado-unc-819x1024.png\" alt=\"\" width=\"720\" height=\"900\" \/><\/a><\/p>\n<\/div><\/div><\/div><div id=\"pgc-20984-0-1\"  class=\"panel-grid-cell\"><div id=\"panel-20984-0-1-0\" class=\"so-panel widget widget_sow-editor panel-first-child panel-last-child\" data-index=\"1\"><div\n\t\t\t\n\t\t\tclass=\"so-widget-sow-editor so-widget-sow-editor-base\">\n<div class=\"siteorigin-widget-tinymce textwidget\">\n\t<p style=\"text-align: justify;\">La Escuela para Graduados de la Facultad de Ciencias Agropecuarias de la Universidad Nacional de C\u00f3rdoba invita a la comunidad universitaria a participar del <strong>Curso de Posgrado \u201cMetodolog\u00eda de la Investigaci\u00f3n\u201d<\/strong>, dictado por la <strong>Dra. Evangelina Ag\u00fcello Caro<\/strong> y coordinado por el <strong>Dr. Juan Alberto Ag\u00fcello<\/strong>. El mismo dar\u00e1 inicio este <strong>viernes 25 de septiembre<\/strong>, de 9 a 14:30 hs. <\/p><\/div><\/div><\/div><\/div><\/div><\/div><p><a class=\"more-link\" href=\"https:\/\/www.facet.unt.edu.ar\/facetinforma\/2020\/09\/23\/curso-de-posgrado-metodologia-de-la-investigacion-modalidad-virtual\/\">Leer m\u00e1s<span class=\"meta-nav\">&rarr;<\/span><\/a><\/p>","protected":false},"excerpt":{"rendered":"<p>La Escuela para Graduados de la Facultad de Ciencias Agropecuarias de la Universidad Nacional de C\u00f3rdoba invita a la comunidad universitaria a participar del Curso de Posgrado \u201cMetodolog\u00eda de la Investigaci\u00f3n\u201d, dictado por la Dra. Evangelina Ag\u00fcello Caro y coordinado por el Dr. Juan Alberto Ag\u00fcello. El mismo dar\u00e1 inicio este viernes 25 de septiembre, [&hellip;]<\/p>\n","protected":false},"author":6,"featured_media":0,"comment_status":"closed","ping_status":"closed","sticky":false,"template":"","format":"standard","meta":[],"categories":[5,4],"tags":[],"_links":{"self":[{"href":"https:\/\/www.facet.unt.edu.ar\/facetinforma\/wp-json\/wp\/v2\/posts\/20984"}],"collection":[{"href":"https:\/\/www.facet.unt.edu.ar\/facetinforma\/wp-json\/wp\/v2\/posts"}],"about":[{"href":"https:\/\/www.facet.unt.edu.ar\/facetinforma\/wp-json\/wp\/v2\/types\/post"}],"author":[{"embeddable":true,"href":"https:\/\/www.facet.unt.edu.ar\/facetinforma\/wp-json\/wp\/v2\/users\/6"}],"replies":[{"embeddable":true,"href":"https:\/\/www.facet.unt.edu.ar\/facetinforma\/wp-json\/wp\/v2\/comments?post=20984"}],"version-history":[{"count":3,"href":"https:\/\/www.facet.unt.edu.ar\/facetinforma\/wp-json\/wp\/v2\/posts\/20984\/revisions"}],"predecessor-version":[{"id":20987,"href":"https:\/\/www.facet.unt.edu.ar\/facetinforma\/wp-json\/wp\/v2\/posts\/20984\/revisions\/20987"}],"wp:attachment":[{"href":"https:\/\/www.facet.unt.edu.ar\/facetinforma\/wp-json\/wp\/v2\/media?parent=20984"}],"wp:term":[{"taxonomy":"category","embeddable":true,"href":"https:\/\/www.facet.unt.edu.ar\/facetinforma\/wp-json\/wp\/v2\/categories?post=20984"},{"taxonomy":"post_tag","embeddable":true,"href":"https:\/\/www.facet.unt.edu.ar\/facetinforma\/wp-json\/wp\/v2\/tags?post=20984"}],"curies":[{"name":"wp","href":"https:\/\/api.w.org\/{rel}","templated":true}]}}