{"id":20997,"date":"2020-10-01T11:34:37","date_gmt":"2020-10-01T14:34:37","guid":{"rendered":"https:\/\/www.facet.unt.edu.ar\/facetinforma\/?p=20997"},"modified":"2020-10-01T11:44:49","modified_gmt":"2020-10-01T14:44:49","slug":"desde-la-unt-a-fabricar-satelites-y-radares-en-bariloche","status":"publish","type":"post","link":"https:\/\/www.facet.unt.edu.ar\/facetinforma\/2020\/10\/01\/desde-la-unt-a-fabricar-satelites-y-radares-en-bariloche\/","title":{"rendered":"Desde la UNT, a fabricar sat\u00e9lites y radares en Bariloche"},"content":{"rendered":"<p style=\"text-align: justify;\">Los hermanos Renolfi, egresados de la FACET-UNT, trabajan en el INVAP, una empresa argentina de alta tecnolog\u00eda. Federico fabrica radares terrestres y Nicol\u00e1s lider\u00f3 el proyecto de los sat\u00e9lites SAOCOM.<!--more--><\/p>\n<div style=\"text-align: justify;\">Hace un mes, los argentinos nos infl\u00e1bamos el pecho de orgullo porque el segundo de los dos grandes sat\u00e9lites de observaci\u00f3n terrestre despegaba desde Cabo Ca\u00f1averal, Florida, con rotundo \u00e9xito. Se trataba del SAOCOM 1B, desarrollado y fabricado por la Comisi\u00f3n Nacional de Actividades Espaciales, en colaboraci\u00f3n con numerosas instituciones cient\u00edficas como INVAP, que es una empresa de alta tecnolog\u00eda radicada en Bariloche.<\/div>\n<div style=\"text-align: justify;\"><\/div>\n<div style=\"text-align: justify;\">Desde hace d\u00e9cadas, el INVAP recibe a graduados de la Universidad Nacional de Tucum\u00e1n, como los hermanos<strong>\u00a0Federico<\/strong>\u00a0y\u00a0<strong>Nicol\u00e1s Renolfi<\/strong>. Ambos, santiague\u00f1os, se recibieron de ingeniero electr\u00f3nico en la Facultad de Ciencias Exactas y Tecnolog\u00eda. Nicol\u00e1s (43) ingres\u00f3 al INVAP en 2000, y su hermano Federico (45) se incorpor\u00f3 pocos a\u00f1os despu\u00e9s. Medios UNT convers\u00f3 con ellos sobre sus desaf\u00edos profesionales, la vocaci\u00f3n y su paso por nuestra Universidad.<\/div>\n<div style=\"text-align: justify;\"><\/div>\n<div style=\"text-align: justify;\"><strong>Medios UNT &#8211; \u00bfC\u00f3mo te iniciaste en tu profesi\u00f3n?<\/strong><\/div>\n<div style=\"text-align: justify;\"><strong>Federico\u00a0<\/strong>&#8211; Trabaj\u00e9 en varias firmas de Buenos Aires como consultor en seguridad inform\u00e1tica. Luego me integr\u00e9 a INVAP, donde trabaj\u00e9 en el desarrollo de radares terrestres, de control de tr\u00e1fico a\u00e9reo y radares meteorol\u00f3gicos. El proyecto m\u00e1s importante en el que particip\u00e9 fue \u201cRel\u00e1mpago\u201d, una iniciativa que busca investigar y evaluar tormentas el\u00e9ctricas de alta intensidad en la regi\u00f3n centro del pa\u00eds.<\/div>\n<div style=\"text-align: justify;\"><strong>Nicol\u00e1s-<\/strong>\u00a0 Mi trabajo de graduaci\u00f3n lo realic\u00e9 en el INVAP. Comenc\u00e9 a trabajar en el departamento de electr\u00f3nica en el a\u00f1o 2000, dise\u00f1ando partes de sat\u00e9lites. Tambi\u00e9n trabaj\u00e9 en el equipo de dise\u00f1o de radares terrestres y luego lider\u00e9 el proyecto SAOCOM. Actualmente, estoy en la Subgerencia de Proyectos de la Gerencia de Negocios.<\/div>\n<div style=\"text-align: justify;\"><\/div>\n<div style=\"text-align: justify;\"><strong>Medios UNT &#8211; \u00bfPor qu\u00e9 elegiste ingenier\u00eda?<\/strong><\/div>\n<div style=\"text-align: justify;\"><strong>Federico-<\/strong>\u00a0Siempre me gustaron las ciencias duras. Supongo que por mi padre, que nos ense\u00f1\u00f3 con el ejemplo c\u00f3mo hacer todo tipo de trabajos t\u00e9cnicos.<\/div>\n<div style=\"text-align: justify;\"><strong>Nicol\u00e1s-<\/strong>\u00a0Desde peque\u00f1o me gustaba construir y dise\u00f1ar cosas, ten\u00eda vocaci\u00f3n de ingeniero. De chico fabricaba mis juguetes de madera con las herramientas y retazos de madera de mi pap\u00e1 (los cajones de verdura eran mi predilecci\u00f3n). Mis padres y un t\u00edo m\u00edo me transmitieron la pasi\u00f3n por el universo y las ciencias en general.<\/div>\n<div>\n<div id=\"attachment_21000\" style=\"width: 515px\" class=\"wp-caption aligncenter\"><a href=\"https:\/\/www.facet.unt.edu.ar\/facetinforma\/wp-content\/uploads\/sites\/9\/2020\/10\/NICOLAS-RENOLFI.jpg\"><img aria-describedby=\"caption-attachment-21000\" decoding=\"async\" loading=\"lazy\" class=\"wp-image-21000 \" src=\"https:\/\/www.facet.unt.edu.ar\/facetinforma\/wp-content\/uploads\/sites\/9\/2020\/10\/NICOLAS-RENOLFI-1024x720.jpg\" alt=\"\" width=\"505\" height=\"355\" srcset=\"https:\/\/www.facet.unt.edu.ar\/facetinforma\/wp-content\/uploads\/sites\/9\/2020\/10\/NICOLAS-RENOLFI-1024x720.jpg 1024w, https:\/\/www.facet.unt.edu.ar\/facetinforma\/wp-content\/uploads\/sites\/9\/2020\/10\/NICOLAS-RENOLFI-300x211.jpg 300w, https:\/\/www.facet.unt.edu.ar\/facetinforma\/wp-content\/uploads\/sites\/9\/2020\/10\/NICOLAS-RENOLFI-768x540.jpg 768w, https:\/\/www.facet.unt.edu.ar\/facetinforma\/wp-content\/uploads\/sites\/9\/2020\/10\/NICOLAS-RENOLFI.jpg 1280w\" sizes=\"(max-width: 505px) 100vw, 505px\" \/><\/a><p id=\"caption-attachment-21000\" class=\"wp-caption-text\">Nicol\u00e1s Renolfi<\/p><\/div>\n<\/div>\n<div>\n<div><\/div>\n<div style=\"text-align: justify;\"><strong>Medios UNT- \u00a0\u00bfCu\u00e1les fueron las metas m\u00e1s desafiantes que les toc\u00f3?<\/strong><\/div>\n<div style=\"text-align: justify;\"><strong>Federico<\/strong>&#8211; En el INVAP todos los proyectos son desafiantes. Se trabaja con tecnolog\u00edas de \u00faltima generaci\u00f3n, desarrollando productos nunca antes fabricados en el pa\u00eds y en algunos casos en el mundo.<\/div>\n<div style=\"text-align: justify;\"><strong>Nicol\u00e1s-\u00a0<\/strong>A d\u00edas del lanzamiento del SAOCOM 1 A, y cuatro d\u00edas antes de viajar a los Estados Unidos (con el sat\u00e9lite pr\u00e1cticamente integrado al cohete), me avisan que hab\u00eda posibilidades de que el panel solar tenga un problema y peligre la misi\u00f3n. No te cuento la cantidad de cosas que hicimos en cuatro d\u00edas para solucionarlo y la alegr\u00eda que tuvimos cuando el panel se despleg\u00f3. El desaf\u00edo m\u00e1s grande fue llevar adelante un proyecto de 350 personas (el \u00a0SAOCOM) con un cronograma que exig\u00eda doble y triple turnos de trabajo, con s\u00e1bados y feriados incluidos, por m\u00e1s de dos a\u00f1os.<\/div>\n<div><\/div>\n<div style=\"text-align: justify;\"><strong>Medios UNT- \u00bfC\u00f3mo considera la formaci\u00f3n que recibiste en la UNT?<\/strong><\/div>\n<div style=\"text-align: justify;\"><strong>Federico<\/strong>&#8211; Muy buena. La universidad te da herramientas para enfrentar problemas y nosotros tenemos que aprender c\u00f3mo y cu\u00e1ndo utilizarlas. En ingenier\u00eda no hay atajos ni recetas m\u00e1gicas. No queda otra que pensar, trabajar duro y apoyarse en las fortalezas de los dem\u00e1s.<\/div>\n<div style=\"text-align: justify;\"><strong>Nicol\u00e1s<\/strong>&#8211; La Universidad nos dio una excelente base te\u00f3rica y nos inculc\u00f3 el proceso de aprendizaje.<\/div>\n<div style=\"text-align: justify;\"><\/div>\n<div style=\"text-align: justify;\"><strong>Medios UNT- \u00bfQu\u00e9 consejos le dar\u00edan a j\u00f3venes que est\u00e1n decidiendo qu\u00e9 carrera seguir?<\/strong><\/div>\n<div style=\"text-align: justify;\"><strong>Federico-\u00a0<\/strong>Que no se queden con revisar el listado de materias que aparecen en el programa de una carrera. Para saber si les va a gustar ejercer la profesi\u00f3n, tienen que acercarse a los profesionales y preguntarles qu\u00e9 hacen en el d\u00eda a d\u00eda.<\/div>\n<div style=\"text-align: justify;\"><strong>Nicol\u00e1s-<\/strong>\u00a0Que elijan la carrera en la puedan ampliar y desarrollar su pasi\u00f3n.<\/div>\n<\/div>\n<div>\n<div id=\"attachment_21001\" style=\"width: 497px\" class=\"wp-caption aligncenter\"><a href=\"https:\/\/www.facet.unt.edu.ar\/facetinforma\/wp-content\/uploads\/sites\/9\/2020\/10\/FEDERICO-RENOLFI.jpg\"><img aria-describedby=\"caption-attachment-21001\" decoding=\"async\" loading=\"lazy\" class=\"wp-image-21001 \" src=\"https:\/\/www.facet.unt.edu.ar\/facetinforma\/wp-content\/uploads\/sites\/9\/2020\/10\/FEDERICO-RENOLFI.jpg\" alt=\"\" width=\"487\" height=\"363\" srcset=\"https:\/\/www.facet.unt.edu.ar\/facetinforma\/wp-content\/uploads\/sites\/9\/2020\/10\/FEDERICO-RENOLFI.jpg 879w, https:\/\/www.facet.unt.edu.ar\/facetinforma\/wp-content\/uploads\/sites\/9\/2020\/10\/FEDERICO-RENOLFI-300x224.jpg 300w, https:\/\/www.facet.unt.edu.ar\/facetinforma\/wp-content\/uploads\/sites\/9\/2020\/10\/FEDERICO-RENOLFI-768x572.jpg 768w\" sizes=\"(max-width: 487px) 100vw, 487px\" \/><\/a><p id=\"caption-attachment-21001\" class=\"wp-caption-text\">Federico Renolfi<\/p><\/div>\n<\/div>\n<div>\n<div>\n<div><\/div>\n<div style=\"text-align: justify;\"><strong>Medios UNT &#8211; \u00bfQu\u00e9 le dir\u00edas a los chicos sobre la constancia y las exigencias de una carrera universitaria?<\/strong><\/div>\n<div style=\"text-align: justify;\"><strong>Federico-\u00a0<\/strong>Es fundamental no desalentarse cuando algo no sale, hay que alejarse un poco del problema, mirar desde otro \u00e1ngulo, buscarle la vuelta y volver a la carga. Es v\u00e1lido buscar ayuda.<\/div>\n<div style=\"text-align: justify;\"><strong>Nicol\u00e1s-\u00a0<\/strong>La vida nos pone tropiezos en todas nuestras empresas, desde el estudio, el trabajo y la vida en pareja. Los tropiezos son inevitables, llegan tarde o temprano, pero son ense\u00f1anzas.<\/div>\n<div style=\"text-align: justify;\"><\/div>\n<div style=\"text-align: justify;\"><strong>Medios UNT- \u00a0\u00bfQu\u00e9 recuerdos ten\u00e9s de la UNT?<\/strong><\/div>\n<div style=\"text-align: justify;\"><strong>Federico-<\/strong>\u00a0Recuerdo an\u00e9cdotas que contaban el Dr. Bravo, el Ing. Molina, el Ing. Rivera, el actual decano Miguel Cabrera en el Laboratorio de F\u00edsica.<\/div>\n<div style=\"text-align: justify;\"><strong>Nicol\u00e1s-<\/strong>\u00a0Recuerdo a Jorge Molina Palacios, que fue mi director de tesis, y continuamos en contacto hasta hoy. \u00a0A mi profesora Patricia C\u00e1ceres (de quien estoy profundamente agradecido), que me present\u00f3 a un ex compa\u00f1ero de ella (tambi\u00e9n tucumano) que trabajaba en INVAP. Caf\u00e9 de por medio, nos cont\u00f3 de la empresa rionegrina que dise\u00f1aba y fabricaba sat\u00e9lites&#8230; Ese mismo d\u00eda decid\u00ed que ten\u00eda que trabajar ah\u00ed y con ayuda de Patricia arm\u00e9 mi primer curriculum, y el resto ya lo conocen.<\/div>\n<div><\/div>\n<\/div>\n<div><em>Fuente: Medios UNT<\/em><\/div>\n<\/div>\n","protected":false},"excerpt":{"rendered":"<p>Los hermanos Renolfi, egresados de la FACET-UNT, trabajan en el INVAP, una empresa argentina de alta tecnolog\u00eda. Federico fabrica radares terrestres y Nicol\u00e1s lider\u00f3 el proyecto de los sat\u00e9lites SAOCOM.<\/p>\n","protected":false},"author":6,"featured_media":0,"comment_status":"closed","ping_status":"closed","sticky":false,"template":"","format":"standard","meta":[],"categories":[5],"tags":[],"_links":{"self":[{"href":"https:\/\/www.facet.unt.edu.ar\/facetinforma\/wp-json\/wp\/v2\/posts\/20997"}],"collection":[{"href":"https:\/\/www.facet.unt.edu.ar\/facetinforma\/wp-json\/wp\/v2\/posts"}],"about":[{"href":"https:\/\/www.facet.unt.edu.ar\/facetinforma\/wp-json\/wp\/v2\/types\/post"}],"author":[{"embeddable":true,"href":"https:\/\/www.facet.unt.edu.ar\/facetinforma\/wp-json\/wp\/v2\/users\/6"}],"replies":[{"embeddable":true,"href":"https:\/\/www.facet.unt.edu.ar\/facetinforma\/wp-json\/wp\/v2\/comments?post=20997"}],"version-history":[{"count":4,"href":"https:\/\/www.facet.unt.edu.ar\/facetinforma\/wp-json\/wp\/v2\/posts\/20997\/revisions"}],"predecessor-version":[{"id":21003,"href":"https:\/\/www.facet.unt.edu.ar\/facetinforma\/wp-json\/wp\/v2\/posts\/20997\/revisions\/21003"}],"wp:attachment":[{"href":"https:\/\/www.facet.unt.edu.ar\/facetinforma\/wp-json\/wp\/v2\/media?parent=20997"}],"wp:term":[{"taxonomy":"category","embeddable":true,"href":"https:\/\/www.facet.unt.edu.ar\/facetinforma\/wp-json\/wp\/v2\/categories?post=20997"},{"taxonomy":"post_tag","embeddable":true,"href":"https:\/\/www.facet.unt.edu.ar\/facetinforma\/wp-json\/wp\/v2\/tags?post=20997"}],"curies":[{"name":"wp","href":"https:\/\/api.w.org\/{rel}","templated":true}]}}