{"id":21058,"date":"2020-10-08T12:55:32","date_gmt":"2020-10-08T15:55:32","guid":{"rendered":"https:\/\/www.facet.unt.edu.ar\/facetinforma\/?p=21058"},"modified":"2020-10-14T19:05:00","modified_gmt":"2020-10-14T22:05:00","slug":"se-llevo-a-cabo-el-webinar-la-importancia-de-la-comunicacion-efectiva-para-la-vida-laboral-y-personal","status":"publish","type":"post","link":"https:\/\/www.facet.unt.edu.ar\/facetinforma\/2020\/10\/08\/se-llevo-a-cabo-el-webinar-la-importancia-de-la-comunicacion-efectiva-para-la-vida-laboral-y-personal\/","title":{"rendered":"Se llev\u00f3 a cabo el webinar \u201cLa importancia de la Comunicaci\u00f3n Efectiva para la vida laboral y personal\u201d"},"content":{"rendered":"<div id=\"pl-21058\"  class=\"panel-layout\"><div id=\"pg-21058-0\"  class=\"panel-grid panel-no-style\"><div id=\"pgc-21058-0-0\"  class=\"panel-grid-cell\"><div id=\"panel-21058-0-0-0\" class=\"so-panel widget widget_black-studio-tinymce widget_black_studio_tinymce panel-first-child panel-last-child\" data-index=\"0\"><div class=\"textwidget\"><p><a href=\"https:\/\/www.facet.unt.edu.ar\/facetinforma\/wp-content\/uploads\/sites\/9\/2020\/10\/webinar-comunicacion-efectiva.jpeg\"><img class=\"aligncenter size-large wp-image-21060\" src=\"https:\/\/www.facet.unt.edu.ar\/facetinforma\/wp-content\/uploads\/sites\/9\/2020\/10\/webinar-comunicacion-efectiva-1024x575.jpeg\" alt=\"\" width=\"720\" height=\"404\" \/><\/a><\/p>\n<\/div><\/div><\/div><div id=\"pgc-21058-0-1\"  class=\"panel-grid-cell\"><div id=\"panel-21058-0-1-0\" class=\"so-panel widget widget_sow-editor panel-first-child panel-last-child\" data-index=\"1\"><div\n\t\t\t\n\t\t\tclass=\"so-widget-sow-editor so-widget-sow-editor-base\">\n<div class=\"siteorigin-widget-tinymce textwidget\">\n\t<p style=\"text-align: justify;\">El Club Ingenio de la FACET, coordinado por el Ing. Benjam\u00edn Molina Apud, junto a la Licenciada en Comunicaci\u00f3n Social y Especialista en Direcci\u00f3n de RRHH, Romina Budeguer, dictaron en el d\u00eda de ayer en webinar sobre \"La importancia de la Comunicaci\u00f3n Efectiva para la vida laboral y personal\". <\/p><\/div><\/div><\/div><\/div><\/div><\/div><p><a class=\"more-link\" href=\"https:\/\/www.facet.unt.edu.ar\/facetinforma\/2020\/10\/08\/se-llevo-a-cabo-el-webinar-la-importancia-de-la-comunicacion-efectiva-para-la-vida-laboral-y-personal\/\">Leer m\u00e1s<span class=\"meta-nav\">&rarr;<\/span><\/a><\/p>","protected":false},"excerpt":{"rendered":"<p>El Club Ingenio de la FACET, coordinado por el Ing. Benjam\u00edn Molina Apud, junto a la Licenciada en Comunicaci\u00f3n Social y Especialista en Direcci\u00f3n de RRHH, Romina Budeguer, dictaron en el d\u00eda de ayer en webinar sobre &#8220;La importancia de la Comunicaci\u00f3n Efectiva para la vida laboral y personal&#8221;. En este encuentro se abordaron conceptos [&hellip;]<\/p>\n","protected":false},"author":6,"featured_media":0,"comment_status":"closed","ping_status":"closed","sticky":false,"template":"","format":"standard","meta":[],"categories":[22,5],"tags":[],"_links":{"self":[{"href":"https:\/\/www.facet.unt.edu.ar\/facetinforma\/wp-json\/wp\/v2\/posts\/21058"}],"collection":[{"href":"https:\/\/www.facet.unt.edu.ar\/facetinforma\/wp-json\/wp\/v2\/posts"}],"about":[{"href":"https:\/\/www.facet.unt.edu.ar\/facetinforma\/wp-json\/wp\/v2\/types\/post"}],"author":[{"embeddable":true,"href":"https:\/\/www.facet.unt.edu.ar\/facetinforma\/wp-json\/wp\/v2\/users\/6"}],"replies":[{"embeddable":true,"href":"https:\/\/www.facet.unt.edu.ar\/facetinforma\/wp-json\/wp\/v2\/comments?post=21058"}],"version-history":[{"count":7,"href":"https:\/\/www.facet.unt.edu.ar\/facetinforma\/wp-json\/wp\/v2\/posts\/21058\/revisions"}],"predecessor-version":[{"id":21110,"href":"https:\/\/www.facet.unt.edu.ar\/facetinforma\/wp-json\/wp\/v2\/posts\/21058\/revisions\/21110"}],"wp:attachment":[{"href":"https:\/\/www.facet.unt.edu.ar\/facetinforma\/wp-json\/wp\/v2\/media?parent=21058"}],"wp:term":[{"taxonomy":"category","embeddable":true,"href":"https:\/\/www.facet.unt.edu.ar\/facetinforma\/wp-json\/wp\/v2\/categories?post=21058"},{"taxonomy":"post_tag","embeddable":true,"href":"https:\/\/www.facet.unt.edu.ar\/facetinforma\/wp-json\/wp\/v2\/tags?post=21058"}],"curies":[{"name":"wp","href":"https:\/\/api.w.org\/{rel}","templated":true}]}}