{"id":21189,"date":"2020-10-19T09:44:14","date_gmt":"2020-10-19T12:44:14","guid":{"rendered":"https:\/\/www.facet.unt.edu.ar\/facetinforma\/?p=21189"},"modified":"2020-10-26T09:49:38","modified_gmt":"2020-10-26T12:49:38","slug":"programa-de-intercambio-academico-latinoamericano-virtual-2021-para-estudiantes-de-la-facet","status":"publish","type":"post","link":"https:\/\/www.facet.unt.edu.ar\/facetinforma\/2020\/10\/19\/programa-de-intercambio-academico-latinoamericano-virtual-2021-para-estudiantes-de-la-facet\/","title":{"rendered":"Programa de Intercambio Acad\u00e9mico Latinoamericano Virtual 2021 para Estudiantes de la FACET"},"content":{"rendered":"<p style=\"text-align: justify;\">El \u00c1rea de Relaciones Internacionales de la FACET informa a la comunidad estudiantil que se encuentra abierta la Convocatoria para el Programa de Intercambio Latinoamericano PILA \u2013 VIRTUAL, para realizar materias en modo virtual en diversas Universidades de Colombia y M\u00e9jico en el 1er Semestre de 2021. <!--more--><\/p>\n<p style=\"text-align: justify;\">Este Programa tiene como fin que el estudiante enriquezca su formaci\u00f3n acad\u00e9mica, profesional e integral, y obtenga una visi\u00f3n internacional en su formaci\u00f3n universitaria, buscando promover la internacionalizaci\u00f3n de la educaci\u00f3n superior y fortalecer los lazos de cooperaci\u00f3n acad\u00e9mica entre Colombia, M\u00e9jico y Argentina.<br \/>\nSe adjuntan los siguientes archivos:<br \/>\n\u2022 <a href=\"https:\/\/www.facet.unt.edu.ar\/facetinforma\/wp-content\/uploads\/sites\/9\/2020\/10\/Procedimiento-Inscripcion-PILA-2021-Nuevo.pdf\" target=\"_blank\" rel=\"noopener noreferrer\">Procedimiento.pdf<\/a><br \/>\n\u2022 <a href=\"https:\/\/www.facet.unt.edu.ar\/facetinforma\/wp-content\/uploads\/sites\/9\/2020\/10\/Formato-inscripcion-estudiantes-PilaVirtual-1-2021.docx\" target=\"_blank\" rel=\"noopener noreferrer\">Formato de Inscripci\u00f3n.docx<\/a><\/p>\n<p style=\"text-align: justify;\">La documentaci\u00f3n requerida se debe enviar hasta el jueves 29 de octubre al Ing. Jorge Gonz\u00e1lez: <a href=\"mailto:jgonzalez@herrera.unt.edu.ar\" target=\"_blank\" rel=\"noopener noreferrer\">jgonzalez@herrera.unt.edu.ar<\/a><\/p>\n<p style=\"text-align: justify;\">Consultas a: <a href=\"mailto:jgonzalez@herrera.unt.edu.ar\" target=\"_blank\" rel=\"noopener noreferrer\">jgonzalez@herrera.unt.edu.ar<\/a><\/p>\n<p style=\"text-align: justify;\"><strong>Nota<\/strong>: La informaci\u00f3n general de este Programa se encuentra en la p\u00e1gina de inicio de Relaciones Internacionales del Rectorado: <a href=\"http:\/\/www.internacionales.unt.edu.ar\/\" target=\"_blank\" rel=\"noopener noreferrer\">http:\/\/www.internacionales.unt.edu.ar\/<\/a><\/p>\n","protected":false},"excerpt":{"rendered":"<p>El \u00c1rea de Relaciones Internacionales de la FACET informa a la comunidad estudiantil que se encuentra abierta la Convocatoria para el Programa de Intercambio Latinoamericano PILA \u2013 VIRTUAL, para realizar materias en modo virtual en diversas Universidades de Colombia y M\u00e9jico en el 1er Semestre de 2021.<\/p>\n","protected":false},"author":6,"featured_media":0,"comment_status":"closed","ping_status":"closed","sticky":false,"template":"","format":"standard","meta":[],"categories":[5,24],"tags":[],"_links":{"self":[{"href":"https:\/\/www.facet.unt.edu.ar\/facetinforma\/wp-json\/wp\/v2\/posts\/21189"}],"collection":[{"href":"https:\/\/www.facet.unt.edu.ar\/facetinforma\/wp-json\/wp\/v2\/posts"}],"about":[{"href":"https:\/\/www.facet.unt.edu.ar\/facetinforma\/wp-json\/wp\/v2\/types\/post"}],"author":[{"embeddable":true,"href":"https:\/\/www.facet.unt.edu.ar\/facetinforma\/wp-json\/wp\/v2\/users\/6"}],"replies":[{"embeddable":true,"href":"https:\/\/www.facet.unt.edu.ar\/facetinforma\/wp-json\/wp\/v2\/comments?post=21189"}],"version-history":[{"count":1,"href":"https:\/\/www.facet.unt.edu.ar\/facetinforma\/wp-json\/wp\/v2\/posts\/21189\/revisions"}],"predecessor-version":[{"id":21190,"href":"https:\/\/www.facet.unt.edu.ar\/facetinforma\/wp-json\/wp\/v2\/posts\/21189\/revisions\/21190"}],"wp:attachment":[{"href":"https:\/\/www.facet.unt.edu.ar\/facetinforma\/wp-json\/wp\/v2\/media?parent=21189"}],"wp:term":[{"taxonomy":"category","embeddable":true,"href":"https:\/\/www.facet.unt.edu.ar\/facetinforma\/wp-json\/wp\/v2\/categories?post=21189"},{"taxonomy":"post_tag","embeddable":true,"href":"https:\/\/www.facet.unt.edu.ar\/facetinforma\/wp-json\/wp\/v2\/tags?post=21189"}],"curies":[{"name":"wp","href":"https:\/\/api.w.org\/{rel}","templated":true}]}}