{"id":21276,"date":"2020-11-13T20:28:37","date_gmt":"2020-11-13T23:28:37","guid":{"rendered":"https:\/\/www.facet.unt.edu.ar\/facetinforma\/?p=21276"},"modified":"2020-11-13T21:09:14","modified_gmt":"2020-11-14T00:09:14","slug":"alumnos-de-la-facet-se-graduaron-de-ingenieros-en-computacion","status":"publish","type":"post","link":"https:\/\/www.facet.unt.edu.ar\/facetinforma\/2020\/11\/13\/alumnos-de-la-facet-se-graduaron-de-ingenieros-en-computacion\/","title":{"rendered":"Alumnos de la FACET se graduaron de Ingenieros en Computaci\u00f3n"},"content":{"rendered":"<div id=\"pl-21276\"  class=\"panel-layout\"><div id=\"pg-21276-0\"  class=\"panel-grid panel-no-style\"><div id=\"pgc-21276-0-0\"  class=\"panel-grid-cell\"><div id=\"panel-21276-0-0-0\" class=\"so-panel widget widget_black-studio-tinymce widget_black_studio_tinymce panel-first-child panel-last-child\" data-index=\"0\"><div class=\"textwidget\"><p><a href=\"https:\/\/www.facet.unt.edu.ar\/facetinforma\/wp-content\/uploads\/sites\/9\/2020\/11\/PROYECTO-MACIAN-Y-MUSA.jpg\"><img class=\"aligncenter size-large wp-image-21278\" src=\"https:\/\/www.facet.unt.edu.ar\/facetinforma\/wp-content\/uploads\/sites\/9\/2020\/11\/PROYECTO-MACIAN-Y-MUSA-1024x821.jpg\" alt=\"\" width=\"720\" height=\"577\" \/><\/a><\/p>\n<\/div><\/div><\/div><div id=\"pgc-21276-0-1\"  class=\"panel-grid-cell\"><div id=\"panel-21276-0-1-0\" class=\"so-panel widget widget_sow-editor panel-first-child panel-last-child\" data-index=\"1\"><div\n\t\t\t\n\t\t\tclass=\"so-widget-sow-editor so-widget-sow-editor-base\">\n<div class=\"siteorigin-widget-tinymce textwidget\">\n\t<p style=\"text-align: justify;\">Los alumnos <strong>Nicol\u00e1s Maci\u00e1n<\/strong> y <strong>Ezequiel Alberto Mus<\/strong>a obtuvieron el 12 de noviembre, el t\u00edtulo de grado de Ingenieros en Computaci\u00f3n de la Universidad Nacional de Tucum\u00e1n, con la defensa de tesis, titulada: \u201cVerificaci\u00f3n Facial utilizando Redes Neuronales en Sistemas Embebidos\u201d. <\/p><\/div><\/div><\/div><\/div><\/div><\/div><p><a class=\"more-link\" href=\"https:\/\/www.facet.unt.edu.ar\/facetinforma\/2020\/11\/13\/alumnos-de-la-facet-se-graduaron-de-ingenieros-en-computacion\/\">Leer m\u00e1s<span class=\"meta-nav\">&rarr;<\/span><\/a><\/p>","protected":false},"excerpt":{"rendered":"<p>Los alumnos Nicol\u00e1s Maci\u00e1n y Ezequiel Alberto Musa obtuvieron el 12 de noviembre, el t\u00edtulo de grado de Ingenieros en Computaci\u00f3n de la Universidad Nacional de Tucum\u00e1n, con la defensa de tesis, titulada: \u201cVerificaci\u00f3n Facial utilizando Redes Neuronales en Sistemas Embebidos\u201d. El proyecto fue dirigido por el Ing. Nicol\u00e1s Majorel Padilla. El tribunal evaluador estuvo [&hellip;]<\/p>\n","protected":false},"author":6,"featured_media":0,"comment_status":"closed","ping_status":"closed","sticky":false,"template":"","format":"standard","meta":[],"categories":[5],"tags":[],"_links":{"self":[{"href":"https:\/\/www.facet.unt.edu.ar\/facetinforma\/wp-json\/wp\/v2\/posts\/21276"}],"collection":[{"href":"https:\/\/www.facet.unt.edu.ar\/facetinforma\/wp-json\/wp\/v2\/posts"}],"about":[{"href":"https:\/\/www.facet.unt.edu.ar\/facetinforma\/wp-json\/wp\/v2\/types\/post"}],"author":[{"embeddable":true,"href":"https:\/\/www.facet.unt.edu.ar\/facetinforma\/wp-json\/wp\/v2\/users\/6"}],"replies":[{"embeddable":true,"href":"https:\/\/www.facet.unt.edu.ar\/facetinforma\/wp-json\/wp\/v2\/comments?post=21276"}],"version-history":[{"count":3,"href":"https:\/\/www.facet.unt.edu.ar\/facetinforma\/wp-json\/wp\/v2\/posts\/21276\/revisions"}],"predecessor-version":[{"id":21280,"href":"https:\/\/www.facet.unt.edu.ar\/facetinforma\/wp-json\/wp\/v2\/posts\/21276\/revisions\/21280"}],"wp:attachment":[{"href":"https:\/\/www.facet.unt.edu.ar\/facetinforma\/wp-json\/wp\/v2\/media?parent=21276"}],"wp:term":[{"taxonomy":"category","embeddable":true,"href":"https:\/\/www.facet.unt.edu.ar\/facetinforma\/wp-json\/wp\/v2\/categories?post=21276"},{"taxonomy":"post_tag","embeddable":true,"href":"https:\/\/www.facet.unt.edu.ar\/facetinforma\/wp-json\/wp\/v2\/tags?post=21276"}],"curies":[{"name":"wp","href":"https:\/\/api.w.org\/{rel}","templated":true}]}}