{"id":21330,"date":"2020-11-20T20:21:04","date_gmt":"2020-11-20T23:21:04","guid":{"rendered":"https:\/\/www.facet.unt.edu.ar\/facetinforma\/?p=21330"},"modified":"2020-11-24T19:58:39","modified_gmt":"2020-11-24T22:58:39","slug":"2-seminario-web-doctorado-en-ingenieria-industrial-carrera-interinstitucional","status":"publish","type":"post","link":"https:\/\/www.facet.unt.edu.ar\/facetinforma\/2020\/11\/20\/2-seminario-web-doctorado-en-ingenieria-industrial-carrera-interinstitucional\/","title":{"rendered":"2\u00b0 Seminario Web \u201cDoctorado en Ingenier\u00eda Industrial \u2013 Carrera Interinstitucional\u201d"},"content":{"rendered":"<div id=\"pl-21330\"  class=\"panel-layout\"><div id=\"pg-21330-0\"  class=\"panel-grid panel-no-style\"><div id=\"pgc-21330-0-0\"  class=\"panel-grid-cell\"><div id=\"panel-21330-0-0-0\" class=\"so-panel widget widget_black-studio-tinymce widget_black_studio_tinymce panel-first-child panel-last-child\" data-index=\"0\"><div class=\"textwidget\"><p><a href=\"https:\/\/www.facet.unt.edu.ar\/facetinforma\/wp-content\/uploads\/sites\/9\/2020\/11\/SEMINARIO-WEB-VALDEON.png\"><img class=\"aligncenter size-large wp-image-21347\" src=\"https:\/\/www.facet.unt.edu.ar\/facetinforma\/wp-content\/uploads\/sites\/9\/2020\/11\/SEMINARIO-WEB-VALDEON-1024x576.png\" alt=\"\" width=\"720\" height=\"405\" \/><\/a><\/p>\n<\/div><\/div><\/div><div id=\"pgc-21330-0-1\"  class=\"panel-grid-cell\"><div id=\"panel-21330-0-1-0\" class=\"so-panel widget widget_sow-editor panel-first-child panel-last-child\" data-index=\"1\"><div\n\t\t\t\n\t\t\tclass=\"so-widget-sow-editor so-widget-sow-editor-base\">\n<div class=\"siteorigin-widget-tinymce textwidget\">\n\t<p style=\"text-align: justify;\">El Comit\u00e9 Acad\u00e9mico Interinstitucional del DI3 junto a la Facultad de Ciencias Exactas y Tecnolog\u00eda - UNT, invitan a la comunidad universitaria a participar del segundo encuentro de los Seminarios Web del \u201cDoctorado en Ingenier\u00eda Industrial - Carrera Interinstitucional\u201d, que se llevar\u00e1 a cabo el pr\u00f3ximo <strong>martes 24 de noviembre<\/strong>, a las <strong>18:00 hs<\/strong>, y se transmitir\u00e1 por el canal de YouTube de la FACET.<\/p><\/div><\/div><\/div><\/div><\/div><\/div><p><a class=\"more-link\" href=\"https:\/\/www.facet.unt.edu.ar\/facetinforma\/2020\/11\/20\/2-seminario-web-doctorado-en-ingenieria-industrial-carrera-interinstitucional\/\">Leer m\u00e1s<span class=\"meta-nav\">&rarr;<\/span><\/a><\/p>","protected":false},"excerpt":{"rendered":"<p>El Comit\u00e9 Acad\u00e9mico Interinstitucional del DI3 junto a la Facultad de Ciencias Exactas y Tecnolog\u00eda &#8211; UNT, invitan a la comunidad universitaria a participar del segundo encuentro de los Seminarios Web del \u201cDoctorado en Ingenier\u00eda Industrial &#8211; Carrera Interinstitucional\u201d, que se llevar\u00e1 a cabo el pr\u00f3ximo martes 24 de noviembre, a las 18:00 hs, y [&hellip;]<\/p>\n","protected":false},"author":6,"featured_media":0,"comment_status":"closed","ping_status":"closed","sticky":false,"template":"","format":"standard","meta":[],"categories":[22,5],"tags":[],"_links":{"self":[{"href":"https:\/\/www.facet.unt.edu.ar\/facetinforma\/wp-json\/wp\/v2\/posts\/21330"}],"collection":[{"href":"https:\/\/www.facet.unt.edu.ar\/facetinforma\/wp-json\/wp\/v2\/posts"}],"about":[{"href":"https:\/\/www.facet.unt.edu.ar\/facetinforma\/wp-json\/wp\/v2\/types\/post"}],"author":[{"embeddable":true,"href":"https:\/\/www.facet.unt.edu.ar\/facetinforma\/wp-json\/wp\/v2\/users\/6"}],"replies":[{"embeddable":true,"href":"https:\/\/www.facet.unt.edu.ar\/facetinforma\/wp-json\/wp\/v2\/comments?post=21330"}],"version-history":[{"count":8,"href":"https:\/\/www.facet.unt.edu.ar\/facetinforma\/wp-json\/wp\/v2\/posts\/21330\/revisions"}],"predecessor-version":[{"id":21357,"href":"https:\/\/www.facet.unt.edu.ar\/facetinforma\/wp-json\/wp\/v2\/posts\/21330\/revisions\/21357"}],"wp:attachment":[{"href":"https:\/\/www.facet.unt.edu.ar\/facetinforma\/wp-json\/wp\/v2\/media?parent=21330"}],"wp:term":[{"taxonomy":"category","embeddable":true,"href":"https:\/\/www.facet.unt.edu.ar\/facetinforma\/wp-json\/wp\/v2\/categories?post=21330"},{"taxonomy":"post_tag","embeddable":true,"href":"https:\/\/www.facet.unt.edu.ar\/facetinforma\/wp-json\/wp\/v2\/tags?post=21330"}],"curies":[{"name":"wp","href":"https:\/\/api.w.org\/{rel}","templated":true}]}}