{"id":21353,"date":"2020-11-24T20:30:48","date_gmt":"2020-11-24T23:30:48","guid":{"rendered":"https:\/\/www.facet.unt.edu.ar\/facetinforma\/?p=21353"},"modified":"2020-11-25T20:35:19","modified_gmt":"2020-11-25T23:35:19","slug":"3er-seminario-web-doctorado-en-ingenieria-industrial-carrera-interinstitucional","status":"publish","type":"post","link":"https:\/\/www.facet.unt.edu.ar\/facetinforma\/2020\/11\/24\/3er-seminario-web-doctorado-en-ingenieria-industrial-carrera-interinstitucional\/","title":{"rendered":"3er Seminario Web \u201cDoctorado en Ingenier\u00eda Industrial &#8211; Carrera Interinstitucional\u201d"},"content":{"rendered":"<div id=\"pl-21353\"  class=\"panel-layout\"><div id=\"pg-21353-0\"  class=\"panel-grid panel-no-style\"><div id=\"pgc-21353-0-0\"  class=\"panel-grid-cell\"><div id=\"panel-21353-0-0-0\" class=\"so-panel widget widget_black-studio-tinymce widget_black_studio_tinymce panel-first-child panel-last-child\" data-index=\"0\"><div class=\"textwidget\"><p><a href=\"https:\/\/www.facet.unt.edu.ar\/facetinforma\/wp-content\/uploads\/sites\/9\/2020\/11\/26-11.png\"><img class=\"aligncenter size-large wp-image-21354\" src=\"https:\/\/www.facet.unt.edu.ar\/facetinforma\/wp-content\/uploads\/sites\/9\/2020\/11\/26-11-1024x576.png\" alt=\"\" width=\"720\" height=\"405\" \/><\/a><\/p>\n<\/div><\/div><\/div><div id=\"pgc-21353-0-1\"  class=\"panel-grid-cell\"><div id=\"panel-21353-0-1-0\" class=\"so-panel widget widget_sow-editor panel-first-child panel-last-child\" data-index=\"1\"><div\n\t\t\t\n\t\t\tclass=\"so-widget-sow-editor so-widget-sow-editor-base\">\n<div class=\"siteorigin-widget-tinymce textwidget\">\n\t<p style=\"text-align: justify;\">El Comit\u00e9 Acad\u00e9mico Interinstitucional del DI3 junto a la Facultad de Ciencias Exactas y Tecnolog\u00eda - UNT, invitan a la comunidad universitaria a participar del tercer encuentro de los Seminarios Web del \u201cDoctorado en Ingenier\u00eda Industrial - Carrera Interinstitucional\u201d, que se llevar\u00e1 a cabo este \u00a0jueves 26 de noviembre, a las 18:00 hs, y se transmitir\u00e1 por el canal de YouTube de la FACET.<\/p><\/div><\/div><\/div><\/div><\/div><\/div><p><a class=\"more-link\" href=\"https:\/\/www.facet.unt.edu.ar\/facetinforma\/2020\/11\/24\/3er-seminario-web-doctorado-en-ingenieria-industrial-carrera-interinstitucional\/\">Leer m\u00e1s<span class=\"meta-nav\">&rarr;<\/span><\/a><\/p>","protected":false},"excerpt":{"rendered":"<p>El Comit\u00e9 Acad\u00e9mico Interinstitucional del DI3 junto a la Facultad de Ciencias Exactas y Tecnolog\u00eda &#8211; UNT, invitan a la comunidad universitaria a participar del tercer encuentro de los Seminarios Web del \u201cDoctorado en Ingenier\u00eda Industrial &#8211; Carrera Interinstitucional\u201d, que se llevar\u00e1 a cabo este \u00a0jueves 26 de noviembre, a las 18:00 hs, y se [&hellip;]<\/p>\n","protected":false},"author":6,"featured_media":0,"comment_status":"closed","ping_status":"closed","sticky":false,"template":"","format":"standard","meta":[],"categories":[22,5,4],"tags":[],"_links":{"self":[{"href":"https:\/\/www.facet.unt.edu.ar\/facetinforma\/wp-json\/wp\/v2\/posts\/21353"}],"collection":[{"href":"https:\/\/www.facet.unt.edu.ar\/facetinforma\/wp-json\/wp\/v2\/posts"}],"about":[{"href":"https:\/\/www.facet.unt.edu.ar\/facetinforma\/wp-json\/wp\/v2\/types\/post"}],"author":[{"embeddable":true,"href":"https:\/\/www.facet.unt.edu.ar\/facetinforma\/wp-json\/wp\/v2\/users\/6"}],"replies":[{"embeddable":true,"href":"https:\/\/www.facet.unt.edu.ar\/facetinforma\/wp-json\/wp\/v2\/comments?post=21353"}],"version-history":[{"count":6,"href":"https:\/\/www.facet.unt.edu.ar\/facetinforma\/wp-json\/wp\/v2\/posts\/21353\/revisions"}],"predecessor-version":[{"id":21361,"href":"https:\/\/www.facet.unt.edu.ar\/facetinforma\/wp-json\/wp\/v2\/posts\/21353\/revisions\/21361"}],"wp:attachment":[{"href":"https:\/\/www.facet.unt.edu.ar\/facetinforma\/wp-json\/wp\/v2\/media?parent=21353"}],"wp:term":[{"taxonomy":"category","embeddable":true,"href":"https:\/\/www.facet.unt.edu.ar\/facetinforma\/wp-json\/wp\/v2\/categories?post=21353"},{"taxonomy":"post_tag","embeddable":true,"href":"https:\/\/www.facet.unt.edu.ar\/facetinforma\/wp-json\/wp\/v2\/tags?post=21353"}],"curies":[{"name":"wp","href":"https:\/\/api.w.org\/{rel}","templated":true}]}}