{"id":21388,"date":"2020-11-26T17:11:30","date_gmt":"2020-11-26T20:11:30","guid":{"rendered":"https:\/\/www.facet.unt.edu.ar\/facetinforma\/?p=21388"},"modified":"2020-11-26T20:22:40","modified_gmt":"2020-11-26T23:22:40","slug":"invitacion-a-la-defensa-de-tesis-de-magister-del-ing-eduardo-farfan-duran","status":"publish","type":"post","link":"https:\/\/www.facet.unt.edu.ar\/facetinforma\/2020\/11\/26\/invitacion-a-la-defensa-de-tesis-de-magister-del-ing-eduardo-farfan-duran\/","title":{"rendered":"Invitaci\u00f3n a la Defensa de Tesis de Maestr\u00eda del Ing. Eduardo Farf\u00e1n Dur\u00e1n"},"content":{"rendered":"<div id=\"pl-21388\"  class=\"panel-layout\"><div id=\"pg-21388-0\"  class=\"panel-grid panel-no-style\"><div id=\"pgc-21388-0-0\"  class=\"panel-grid-cell\"><div id=\"panel-21388-0-0-0\" class=\"so-panel widget widget_black-studio-tinymce widget_black_studio_tinymce panel-first-child panel-last-child\" data-index=\"0\"><div class=\"textwidget\"><p><a href=\"https:\/\/www.facet.unt.edu.ar\/facetinforma\/wp-content\/uploads\/sites\/9\/2020\/11\/DEFENSA-DE-TESIS-MAESTRIA-ING-FARFAN-DURAN.png\"><img class=\"aligncenter size-large wp-image-21416\" src=\"https:\/\/www.facet.unt.edu.ar\/facetinforma\/wp-content\/uploads\/sites\/9\/2020\/11\/DEFENSA-DE-TESIS-MAESTRIA-ING-FARFAN-DURAN-1024x858.png\" alt=\"\" width=\"720\" height=\"603\" \/><\/a><\/p>\n<\/div><\/div><\/div><div id=\"pgc-21388-0-1\"  class=\"panel-grid-cell\"><div id=\"panel-21388-0-1-0\" class=\"so-panel widget widget_sow-editor panel-first-child panel-last-child\" data-index=\"1\"><div\n\t\t\t\n\t\t\tclass=\"so-widget-sow-editor so-widget-sow-editor-base\">\n<div class=\"siteorigin-widget-tinymce textwidget\">\n\t<p style=\"text-align: justify;\">Se invita a toda la comunidad educativa y al p\u00fablico en general a presenciar la Defensa Oral de la Tesis de Maestr\u00eda del <strong>Ing. Eduardo Daniel Farf\u00e1n Dur\u00e1n<\/strong>, titulada: \"<em>Evaluaci\u00f3n num\u00e9rica de la reparaci\u00f3n de pilas de puentes con hormig\u00f3n reforzado con fibras<\/em>\", para acceder al grado acad\u00e9mico superior de \u201cMag\u00edster en Ingenier\u00eda Estructural\u201d, Instituto de Estructuras \"Arturo M. Guzm\u00e1n\", Facultad de Ciencias Exactas y Tecnolog\u00eda, Universidad Nacional de Tucum\u00e1n.<\/p><\/div><\/div><\/div><\/div><\/div><\/div><p><a class=\"more-link\" href=\"https:\/\/www.facet.unt.edu.ar\/facetinforma\/2020\/11\/26\/invitacion-a-la-defensa-de-tesis-de-magister-del-ing-eduardo-farfan-duran\/\">Leer m\u00e1s<span class=\"meta-nav\">&rarr;<\/span><\/a><\/p>","protected":false},"excerpt":{"rendered":"<p>Se invita a toda la comunidad educativa y al p\u00fablico en general a presenciar la Defensa Oral de la Tesis de Maestr\u00eda del Ing. Eduardo Daniel Farf\u00e1n Dur\u00e1n, titulada: &#8220;Evaluaci\u00f3n num\u00e9rica de la reparaci\u00f3n de pilas de puentes con hormig\u00f3n reforzado con fibras&#8221;, para acceder al grado acad\u00e9mico superior de \u201cMag\u00edster en Ingenier\u00eda Estructural\u201d, Instituto [&hellip;]<\/p>\n","protected":false},"author":6,"featured_media":0,"comment_status":"closed","ping_status":"closed","sticky":false,"template":"","format":"standard","meta":[],"categories":[5,4],"tags":[],"_links":{"self":[{"href":"https:\/\/www.facet.unt.edu.ar\/facetinforma\/wp-json\/wp\/v2\/posts\/21388"}],"collection":[{"href":"https:\/\/www.facet.unt.edu.ar\/facetinforma\/wp-json\/wp\/v2\/posts"}],"about":[{"href":"https:\/\/www.facet.unt.edu.ar\/facetinforma\/wp-json\/wp\/v2\/types\/post"}],"author":[{"embeddable":true,"href":"https:\/\/www.facet.unt.edu.ar\/facetinforma\/wp-json\/wp\/v2\/users\/6"}],"replies":[{"embeddable":true,"href":"https:\/\/www.facet.unt.edu.ar\/facetinforma\/wp-json\/wp\/v2\/comments?post=21388"}],"version-history":[{"count":8,"href":"https:\/\/www.facet.unt.edu.ar\/facetinforma\/wp-json\/wp\/v2\/posts\/21388\/revisions"}],"predecessor-version":[{"id":21429,"href":"https:\/\/www.facet.unt.edu.ar\/facetinforma\/wp-json\/wp\/v2\/posts\/21388\/revisions\/21429"}],"wp:attachment":[{"href":"https:\/\/www.facet.unt.edu.ar\/facetinforma\/wp-json\/wp\/v2\/media?parent=21388"}],"wp:term":[{"taxonomy":"category","embeddable":true,"href":"https:\/\/www.facet.unt.edu.ar\/facetinforma\/wp-json\/wp\/v2\/categories?post=21388"},{"taxonomy":"post_tag","embeddable":true,"href":"https:\/\/www.facet.unt.edu.ar\/facetinforma\/wp-json\/wp\/v2\/tags?post=21388"}],"curies":[{"name":"wp","href":"https:\/\/api.w.org\/{rel}","templated":true}]}}