{"id":21637,"date":"2021-02-23T18:10:11","date_gmt":"2021-02-23T21:10:11","guid":{"rendered":"https:\/\/www.facet.unt.edu.ar\/facetinforma\/?p=21637"},"modified":"2021-02-23T19:57:39","modified_gmt":"2021-02-23T22:57:39","slug":"becas-estrategicas-manuel-belgrano-para-carreras-cientificas-y-tecnicas","status":"publish","type":"post","link":"https:\/\/www.facet.unt.edu.ar\/facetinforma\/2021\/02\/23\/becas-estrategicas-manuel-belgrano-para-carreras-cientificas-y-tecnicas\/","title":{"rendered":"Becas Estrat\u00e9gicas Manuel Belgrano para Carreras Cient\u00edficas y T\u00e9cnicas"},"content":{"rendered":"<div id=\"pl-21637\"  class=\"panel-layout\"><div id=\"pg-21637-0\"  class=\"panel-grid panel-no-style\"><div id=\"pgc-21637-0-0\"  class=\"panel-grid-cell\"><div id=\"panel-21637-0-0-0\" class=\"so-panel widget widget_black-studio-tinymce widget_black_studio_tinymce panel-first-child panel-last-child\" data-index=\"0\"><div class=\"textwidget\"><p><a href=\"https:\/\/www.facet.unt.edu.ar\/facetinforma\/wp-content\/uploads\/sites\/9\/2021\/02\/becas-manuel-belgrano.png\"><img class=\"aligncenter size-full wp-image-21639\" src=\"https:\/\/www.facet.unt.edu.ar\/facetinforma\/wp-content\/uploads\/sites\/9\/2021\/02\/becas-manuel-belgrano.png\" alt=\"\" width=\"940\" height=\"788\" \/><\/a><\/p>\n<\/div><\/div><\/div><div id=\"pgc-21637-0-1\"  class=\"panel-grid-cell\"><div id=\"panel-21637-0-1-0\" class=\"so-panel widget widget_sow-editor panel-first-child panel-last-child\" data-index=\"1\"><div\n\t\t\t\n\t\t\tclass=\"so-widget-sow-editor so-widget-sow-editor-base\">\n<div class=\"siteorigin-widget-tinymce textwidget\">\n\t<p style=\"text-align: justify;\">La Secretar\u00eda de Pol\u00edticas Universitarias (SPU) del Ministerio de educaci\u00f3n de la Naci\u00f3n otorgar\u00e1 becas a estudiantes regulares de universidades nacionales y provinciales de gesti\u00f3n p\u00fablica, para \u201cpromover el acceso, la permanencia y la finalizaci\u00f3n de estudios de grado y pregrado en ocho \u00e1reas de pol\u00edtica p\u00fablica consideradas claves para el desarrollo econ\u00f3mico del pa\u00eds y la igualdad social.\u201d<\/p><\/div><\/div><\/div><\/div><\/div><\/div><p><a class=\"more-link\" href=\"https:\/\/www.facet.unt.edu.ar\/facetinforma\/2021\/02\/23\/becas-estrategicas-manuel-belgrano-para-carreras-cientificas-y-tecnicas\/\">Leer m\u00e1s<span class=\"meta-nav\">&rarr;<\/span><\/a><\/p>","protected":false},"excerpt":{"rendered":"<p>La Secretar\u00eda de Pol\u00edticas Universitarias (SPU) del Ministerio de educaci\u00f3n de la Naci\u00f3n otorgar\u00e1 becas a estudiantes regulares de universidades nacionales y provinciales de gesti\u00f3n p\u00fablica, para \u201cpromover el acceso, la permanencia y la finalizaci\u00f3n de estudios de grado y pregrado en ocho \u00e1reas de pol\u00edtica p\u00fablica consideradas claves para el desarrollo econ\u00f3mico del pa\u00eds [&hellip;]<\/p>\n","protected":false},"author":6,"featured_media":0,"comment_status":"closed","ping_status":"closed","sticky":false,"template":"","format":"standard","meta":[],"categories":[3,5],"tags":[],"_links":{"self":[{"href":"https:\/\/www.facet.unt.edu.ar\/facetinforma\/wp-json\/wp\/v2\/posts\/21637"}],"collection":[{"href":"https:\/\/www.facet.unt.edu.ar\/facetinforma\/wp-json\/wp\/v2\/posts"}],"about":[{"href":"https:\/\/www.facet.unt.edu.ar\/facetinforma\/wp-json\/wp\/v2\/types\/post"}],"author":[{"embeddable":true,"href":"https:\/\/www.facet.unt.edu.ar\/facetinforma\/wp-json\/wp\/v2\/users\/6"}],"replies":[{"embeddable":true,"href":"https:\/\/www.facet.unt.edu.ar\/facetinforma\/wp-json\/wp\/v2\/comments?post=21637"}],"version-history":[{"count":6,"href":"https:\/\/www.facet.unt.edu.ar\/facetinforma\/wp-json\/wp\/v2\/posts\/21637\/revisions"}],"predecessor-version":[{"id":21647,"href":"https:\/\/www.facet.unt.edu.ar\/facetinforma\/wp-json\/wp\/v2\/posts\/21637\/revisions\/21647"}],"wp:attachment":[{"href":"https:\/\/www.facet.unt.edu.ar\/facetinforma\/wp-json\/wp\/v2\/media?parent=21637"}],"wp:term":[{"taxonomy":"category","embeddable":true,"href":"https:\/\/www.facet.unt.edu.ar\/facetinforma\/wp-json\/wp\/v2\/categories?post=21637"},{"taxonomy":"post_tag","embeddable":true,"href":"https:\/\/www.facet.unt.edu.ar\/facetinforma\/wp-json\/wp\/v2\/tags?post=21637"}],"curies":[{"name":"wp","href":"https:\/\/api.w.org\/{rel}","templated":true}]}}