{"id":21662,"date":"2021-02-26T20:56:10","date_gmt":"2021-02-26T23:56:10","guid":{"rendered":"https:\/\/www.facet.unt.edu.ar\/facetinforma\/?p=21662"},"modified":"2021-02-26T22:07:35","modified_gmt":"2021-02-27T01:07:35","slug":"inscripciones-abiertas-carrera-de-posgrado-17a-maestria-en-ingenieria-estructural","status":"publish","type":"post","link":"https:\/\/www.facet.unt.edu.ar\/facetinforma\/2021\/02\/26\/inscripciones-abiertas-carrera-de-posgrado-17a-maestria-en-ingenieria-estructural\/","title":{"rendered":"Inscripciones abiertas &#8211; Carrera de Posgrado 17\u00aa Maestr\u00eda en Ingenier\u00eda Estructural"},"content":{"rendered":"<div id=\"pl-21662\"  class=\"panel-layout\"><div id=\"pg-21662-0\"  class=\"panel-grid panel-no-style\"><div id=\"pgc-21662-0-0\"  class=\"panel-grid-cell\"><div id=\"panel-21662-0-0-0\" class=\"so-panel widget widget_black-studio-tinymce widget_black_studio_tinymce panel-first-child panel-last-child\" data-index=\"0\"><div class=\"textwidget\"><p><a href=\"https:\/\/www.facet.unt.edu.ar\/facetinforma\/wp-content\/uploads\/sites\/9\/2021\/02\/17-MAESTRIA-EN-INGENIERIA-ESTRUCTURAL.jpg\"><img class=\"aligncenter size-large wp-image-21663\" src=\"https:\/\/www.facet.unt.edu.ar\/facetinforma\/wp-content\/uploads\/sites\/9\/2021\/02\/17-MAESTRIA-EN-INGENIERIA-ESTRUCTURAL-692x1024.jpg\" alt=\"\" width=\"692\" height=\"1024\" \/><\/a><\/p>\n<\/div><\/div><\/div><div id=\"pgc-21662-0-1\"  class=\"panel-grid-cell\"><div id=\"panel-21662-0-1-0\" class=\"so-panel widget widget_sow-editor panel-first-child panel-last-child\" data-index=\"1\"><div\n\t\t\t\n\t\t\tclass=\"so-widget-sow-editor so-widget-sow-editor-base\">\n<div class=\"siteorigin-widget-tinymce textwidget\">\n\t<p style=\"text-align: justify;\">Se informa a los interesados que se encuentran abiertas las inscripciones para la <strong>Carrera de Posgrado 17\u00aa \u00a0Maestr\u00eda en Ingenier\u00eda Estructural<\/strong>, hasta el <strong>viernes 5 de marzo<\/strong>. Debido a la Pandemia Covid-19 el inicio de los cursos se llevar\u00e1 a cabo de manera Virtual Sincr\u00f3nica el d\u00eda <strong>lunes 15 de marzo<\/strong>.<\/p><\/div><\/div><\/div><\/div><\/div><\/div><p><a class=\"more-link\" href=\"https:\/\/www.facet.unt.edu.ar\/facetinforma\/2021\/02\/26\/inscripciones-abiertas-carrera-de-posgrado-17a-maestria-en-ingenieria-estructural\/\">Leer m\u00e1s<span class=\"meta-nav\">&rarr;<\/span><\/a><\/p>","protected":false},"excerpt":{"rendered":"<p>Se informa a los interesados que se encuentran abiertas las inscripciones para la Carrera de Posgrado 17\u00aa \u00a0Maestr\u00eda en Ingenier\u00eda Estructural, hasta el viernes 5 de marzo. Debido a la Pandemia Covid-19 el inicio de los cursos se llevar\u00e1 a cabo de manera Virtual Sincr\u00f3nica el d\u00eda lunes 15 de marzo.La carrera, bajo la direcci\u00f3n [&hellip;]<\/p>\n","protected":false},"author":6,"featured_media":0,"comment_status":"closed","ping_status":"closed","sticky":false,"template":"","format":"standard","meta":[],"categories":[5,4],"tags":[],"_links":{"self":[{"href":"https:\/\/www.facet.unt.edu.ar\/facetinforma\/wp-json\/wp\/v2\/posts\/21662"}],"collection":[{"href":"https:\/\/www.facet.unt.edu.ar\/facetinforma\/wp-json\/wp\/v2\/posts"}],"about":[{"href":"https:\/\/www.facet.unt.edu.ar\/facetinforma\/wp-json\/wp\/v2\/types\/post"}],"author":[{"embeddable":true,"href":"https:\/\/www.facet.unt.edu.ar\/facetinforma\/wp-json\/wp\/v2\/users\/6"}],"replies":[{"embeddable":true,"href":"https:\/\/www.facet.unt.edu.ar\/facetinforma\/wp-json\/wp\/v2\/comments?post=21662"}],"version-history":[{"count":4,"href":"https:\/\/www.facet.unt.edu.ar\/facetinforma\/wp-json\/wp\/v2\/posts\/21662\/revisions"}],"predecessor-version":[{"id":21679,"href":"https:\/\/www.facet.unt.edu.ar\/facetinforma\/wp-json\/wp\/v2\/posts\/21662\/revisions\/21679"}],"wp:attachment":[{"href":"https:\/\/www.facet.unt.edu.ar\/facetinforma\/wp-json\/wp\/v2\/media?parent=21662"}],"wp:term":[{"taxonomy":"category","embeddable":true,"href":"https:\/\/www.facet.unt.edu.ar\/facetinforma\/wp-json\/wp\/v2\/categories?post=21662"},{"taxonomy":"post_tag","embeddable":true,"href":"https:\/\/www.facet.unt.edu.ar\/facetinforma\/wp-json\/wp\/v2\/tags?post=21662"}],"curies":[{"name":"wp","href":"https:\/\/api.w.org\/{rel}","templated":true}]}}