{"id":21744,"date":"2021-03-17T17:29:01","date_gmt":"2021-03-17T20:29:01","guid":{"rendered":"https:\/\/www.facet.unt.edu.ar\/facetinforma\/?p=21744"},"modified":"2021-03-17T18:23:56","modified_gmt":"2021-03-17T21:23:56","slug":"se-realizo-la-primera-colacion-del-ano-en-la-facet","status":"publish","type":"post","link":"https:\/\/www.facet.unt.edu.ar\/facetinforma\/2021\/03\/17\/se-realizo-la-primera-colacion-del-ano-en-la-facet\/","title":{"rendered":"Se realiz\u00f3 la primera colaci\u00f3n del a\u00f1o en la FACET"},"content":{"rendered":"<p style=\"text-align: justify;\">El viernes 12 del corriente mes, el Decano de la FACET junto a miembros del Gabinete, hicieron entrega de 23 diplomas de grado y pregrado en una ceremonia presencial que adem\u00e1s se transmiti\u00f3 de manera virtual. <!--more--><\/p>\n<p style=\"text-align: justify;\">La mesa de honor estuvo conformada por el Decano de la FACET, Dr. Ing. Miguel Cabrera, la Secretaria Acad\u00e9mica, Ing. Fernanda Guzm\u00e1n, el Secretario de Bienestar Estudiantil, Sr. Fabi\u00e1n Ayarde y la Directora de la carrera de Ingenier\u00eda Geod\u00e9sica y Geof\u00edsica, Ing. Sandra Corral.<\/p>\n<p><a href=\"https:\/\/www.facet.unt.edu.ar\/facetinforma\/wp-content\/uploads\/sites\/9\/2021\/03\/MESA-DE-HONOR.jpg\"><img decoding=\"async\" loading=\"lazy\" class=\"aligncenter wp-image-21748\" src=\"https:\/\/www.facet.unt.edu.ar\/facetinforma\/wp-content\/uploads\/sites\/9\/2021\/03\/MESA-DE-HONOR.jpg\" alt=\"\" width=\"327\" height=\"189\" \/><\/a><\/p>\n<p style=\"text-align: justify;\">Natalia Gabriela Montalv\u00e1n, de la carrera de Ingenier\u00eda Qu\u00edmica, fue la encargada de representar a los graduados en esta primera colaci\u00f3n del a\u00f1o. Compartimos con Uds. las palabras que brind\u00f3 a los flamantes profesionales:<\/p>\n<p style=\"text-align: justify;\"><em>\u201cM\u00e1s de una vez sentimos que este momento nunca llegar\u00eda y entre horas de estudio, libros, apuntes y mates casi sin darnos cuenta fuimos construyendo este sue\u00f1o, que hoy se hace realidad.<\/em><br \/>\n<em>Quiero volver la mirada a esos j\u00f3venes que fuimos cuando empezamos la carrera, a esos j\u00f3venes que se animaron a so\u00f1ar y a enfrentar lo que en su momento sent\u00edamos era el m\u00e1s grande de los desaf\u00edos.<\/em><br \/>\n<em>Miro el camino recorrido y un sentimiento de agradecimiento me invade el alma, gratitud por todos los que formaron parte de este viaje, familiares, amigos, compa\u00f1eros y profesores.<\/em><br \/>\n<em>Quiero agradecer a la UNT por formarnos como profesionales.<\/em><br \/>\n<em>No fue f\u00e1cil adquirir los conocimientos pero si y s\u00f3lo si sabemos aplicarlos entonces recibimos las herramientas necesarias y suficientes para desarrollarnos y explorar la ingenier\u00eda en toda su magnitud porque este tambi\u00e9n es un punto de partida.<\/em><br \/>\n<em>Quiero terminar recordando el lema de la UNT &#8220;Pedes in terra ad sidera visus&#8221; Los pies en tierra y la visi\u00f3n en el cielo, espero que este ideal nos acompa\u00f1e siempre en nuestro camino y en nuestros futuros desaf\u00edos. \u00a1Felicidades egresados!\u201d<\/em><\/p>\n<p style=\"text-align: justify;\">Los graduados asistieron a la Instituci\u00f3n, cumpliendo con los protocolos establecidos, y sus familiares los acompa\u00f1aron de manera virtual.<\/p>\n<div id=\"meta\" class=\"style-scope ytd-watch-flexy\">\n<div id=\"meta-contents\" class=\"style-scope ytd-watch-flexy\">\n<div id=\"container\" class=\"style-scope ytd-video-secondary-info-renderer\">\n<div id=\"content\" class=\"style-scope ytd-expander\">\n<div id=\"description\" class=\"style-scope ytd-video-secondary-info-renderer\" style=\"text-align: justify;\"><span class=\"style-scope yt-formatted-string\" dir=\"auto\">En esta oportunidad, recibieron sus t\u00edtulos universitarios los siguientes graduados: <\/span><\/div>\n<div class=\"style-scope ytd-video-secondary-info-renderer\"><span class=\"style-scope yt-formatted-string\" dir=\"auto\">\u2022 Alonso Ousset, Jose Octavio &#8211; Tec. Universitario en Tecnolog\u00eda Azucarera e Industrias Derivadas <\/span><\/div>\n<div class=\"style-scope ytd-video-secondary-info-renderer\"><span class=\"style-scope yt-formatted-string\" dir=\"auto\">\u2022 Alvarez, Pamela Victoria Rebeca &#8211; Ing. en Computaci\u00f3n <\/span><\/div>\n<div class=\"style-scope ytd-video-secondary-info-renderer\"><span class=\"style-scope yt-formatted-string\" dir=\"auto\">\u2022 Andrada Hillen, Lucia Carolina &#8211; Ing. Qu\u00edmica <\/span><\/div>\n<div class=\"style-scope ytd-video-secondary-info-renderer\"><span class=\"style-scope yt-formatted-string\" dir=\"auto\">\u2022 Baez, Santiago Adolfo &#8211; Ing. Agrimensora <\/span><\/div>\n<div class=\"style-scope ytd-video-secondary-info-renderer\"><span class=\"style-scope yt-formatted-string\" dir=\"auto\">\u2022 Balsells, Guido Alejandro &#8211; Ing. en Computaci\u00f3n <\/span><\/div>\n<div class=\"style-scope ytd-video-secondary-info-renderer\"><span class=\"style-scope yt-formatted-string\" dir=\"auto\">\u2022 Blasco, Santiago Omar &#8211; Ing. El\u00e9ctrica <\/span><\/div>\n<div class=\"style-scope ytd-video-secondary-info-renderer\"><span class=\"style-scope yt-formatted-string\" dir=\"auto\">\u2022 Bordon, Juan Mauricio &#8211; Lic. en Matem\u00e1tica <\/span><\/div>\n<div class=\"style-scope ytd-video-secondary-info-renderer\"><span class=\"style-scope yt-formatted-string\" dir=\"auto\">\u2022 Dur\u00e1 Tames, Isaac Benjam\u00edn &#8211; Ing. Geod\u00e9sica y Geof\u00edsica <\/span><\/div>\n<div class=\"style-scope ytd-video-secondary-info-renderer\"><span class=\"style-scope yt-formatted-string\" dir=\"auto\">\u2022 Gramajo, Zulma Beatriz &#8211; Tec. Universitaria en Tecnolog\u00eda Azucarera e Industrias Derivadas <\/span><\/div>\n<div class=\"style-scope ytd-video-secondary-info-renderer\"><span class=\"style-scope yt-formatted-string\" dir=\"auto\">\u2022 Grande, Carlos Mart\u00edn &#8211; Ing. El\u00e9ctrica <\/span><\/div>\n<div class=\"style-scope ytd-video-secondary-info-renderer\"><span class=\"style-scope yt-formatted-string\" dir=\"auto\">\u2022 Gra\u00f1a, Javier &#8211; Lic. Inform\u00e1tica <\/span><\/div>\n<div class=\"style-scope ytd-video-secondary-info-renderer\"><span class=\"style-scope yt-formatted-string\" dir=\"auto\">\u2022 Lezana, Ariel Adolfo &#8211; Ing. Mec\u00e1nica <\/span><\/div>\n<div class=\"style-scope ytd-video-secondary-info-renderer\"><span class=\"style-scope yt-formatted-string\" dir=\"auto\">\u2022 Mari\u00f1o, Andr\u00e9s -Ing. Civil <\/span><\/div>\n<div class=\"style-scope ytd-video-secondary-info-renderer\"><span class=\"style-scope yt-formatted-string\" dir=\"auto\">\u2022 Melucci, Daniel Horacio &#8211; Lic. Inform\u00e1tica <\/span><\/div>\n<div class=\"style-scope ytd-video-secondary-info-renderer\"><span class=\"style-scope yt-formatted-string\" dir=\"auto\">\u2022 Montalvan, Natalia Gabriela &#8211; Ing. Qu\u00edmica <\/span><\/div>\n<div class=\"style-scope ytd-video-secondary-info-renderer\"><span class=\"style-scope yt-formatted-string\" dir=\"auto\">\u2022 Muratore, Benjam\u00edn &#8211; Ing. Industrial <\/span><\/div>\n<div class=\"style-scope ytd-video-secondary-info-renderer\"><span class=\"style-scope yt-formatted-string\" dir=\"auto\">\u2022 Pace, Pablo Agust\u00edn &#8211; Ing. en Computaci\u00f3n <\/span><\/div>\n<div class=\"style-scope ytd-video-secondary-info-renderer\"><span class=\"style-scope yt-formatted-string\" dir=\"auto\">\u2022 Pacheco, Lucrecia -Ing. Qu\u00edmica <\/span><\/div>\n<div class=\"style-scope ytd-video-secondary-info-renderer\"><span class=\"style-scope yt-formatted-string\" dir=\"auto\">\u2022 Panza, Maximiliano &#8211; Ing. Civil <\/span><\/div>\n<div class=\"style-scope ytd-video-secondary-info-renderer\"><span class=\"style-scope yt-formatted-string\" dir=\"auto\">\u2022 Perez, Juan Manuel &#8211; Ing. Mec\u00e1nica <\/span><\/div>\n<div class=\"style-scope ytd-video-secondary-info-renderer\"><span class=\"style-scope yt-formatted-string\" dir=\"auto\">\u2022 Riva, Abel Fernando &#8211; Programador Universitario <\/span><\/div>\n<div class=\"style-scope ytd-video-secondary-info-renderer\"><span class=\"style-scope yt-formatted-string\" dir=\"auto\">\u2022 Trimarco, Mar\u00eda Victoria \u2013 Lic. Matem\u00e1tica <\/span><\/div>\n<div class=\"style-scope ytd-video-secondary-info-renderer\"><span class=\"style-scope yt-formatted-string\" dir=\"auto\">\u2022 Vilte, Hector Eloy &#8211; Ing. Biom\u00e9dica<\/span><\/div>\n<\/div>\n<div><a href=\"https:\/\/www.facet.unt.edu.ar\/facetinforma\/wp-content\/uploads\/sites\/9\/2021\/03\/GRADUADOS-1.jpg\"><img decoding=\"async\" loading=\"lazy\" class=\"aligncenter wp-image-21750\" src=\"https:\/\/www.facet.unt.edu.ar\/facetinforma\/wp-content\/uploads\/sites\/9\/2021\/03\/GRADUADOS-1.jpg\" alt=\"\" width=\"318\" height=\"214\" \/><\/a><\/div>\n<div><\/div>\n<div><a href=\"https:\/\/www.facet.unt.edu.ar\/facetinforma\/wp-content\/uploads\/sites\/9\/2021\/03\/GRADUADOS-2.jpg\"><img decoding=\"async\" loading=\"lazy\" class=\"aligncenter wp-image-21751\" src=\"https:\/\/www.facet.unt.edu.ar\/facetinforma\/wp-content\/uploads\/sites\/9\/2021\/03\/GRADUADOS-2.jpg\" alt=\"\" width=\"319\" height=\"223\" \/><\/a><\/div>\n<div><\/div>\n<div><a href=\"https:\/\/www.facet.unt.edu.ar\/facetinforma\/wp-content\/uploads\/sites\/9\/2021\/03\/GRADUADOS-3.jpg\"><img decoding=\"async\" loading=\"lazy\" class=\"aligncenter wp-image-21752\" src=\"https:\/\/www.facet.unt.edu.ar\/facetinforma\/wp-content\/uploads\/sites\/9\/2021\/03\/GRADUADOS-3.jpg\" alt=\"\" width=\"318\" height=\"209\" \/><\/a><\/div>\n<div><\/div>\n<div><a href=\"https:\/\/www.facet.unt.edu.ar\/facetinforma\/wp-content\/uploads\/sites\/9\/2021\/03\/GRADUADOS-4.jpg\"><img decoding=\"async\" loading=\"lazy\" class=\"aligncenter wp-image-21753\" src=\"https:\/\/www.facet.unt.edu.ar\/facetinforma\/wp-content\/uploads\/sites\/9\/2021\/03\/GRADUADOS-4.jpg\" alt=\"\" width=\"321\" height=\"209\" \/><\/a><\/div>\n<div><\/div>\n<div id=\"collapsible\" class=\"style-scope ytd-metadata-row-container-renderer\" style=\"text-align: justify;\"><strong><span style=\"text-align: justify;\">\u00a1La FACET les desea muchas felicidades y \u00e9xitos en esta nueva etapa de sus vidas!<\/span><\/strong><\/div>\n<\/div>\n<\/div>\n<\/div>\n","protected":false},"excerpt":{"rendered":"<p>El viernes 12 del corriente mes, el Decano de la FACET junto a miembros del Gabinete, hicieron entrega de 23 diplomas de grado y pregrado en una ceremonia presencial que adem\u00e1s se transmiti\u00f3 de manera virtual.<\/p>\n","protected":false},"author":6,"featured_media":0,"comment_status":"closed","ping_status":"closed","sticky":false,"template":"","format":"standard","meta":[],"categories":[5],"tags":[],"_links":{"self":[{"href":"https:\/\/www.facet.unt.edu.ar\/facetinforma\/wp-json\/wp\/v2\/posts\/21744"}],"collection":[{"href":"https:\/\/www.facet.unt.edu.ar\/facetinforma\/wp-json\/wp\/v2\/posts"}],"about":[{"href":"https:\/\/www.facet.unt.edu.ar\/facetinforma\/wp-json\/wp\/v2\/types\/post"}],"author":[{"embeddable":true,"href":"https:\/\/www.facet.unt.edu.ar\/facetinforma\/wp-json\/wp\/v2\/users\/6"}],"replies":[{"embeddable":true,"href":"https:\/\/www.facet.unt.edu.ar\/facetinforma\/wp-json\/wp\/v2\/comments?post=21744"}],"version-history":[{"count":7,"href":"https:\/\/www.facet.unt.edu.ar\/facetinforma\/wp-json\/wp\/v2\/posts\/21744\/revisions"}],"predecessor-version":[{"id":21756,"href":"https:\/\/www.facet.unt.edu.ar\/facetinforma\/wp-json\/wp\/v2\/posts\/21744\/revisions\/21756"}],"wp:attachment":[{"href":"https:\/\/www.facet.unt.edu.ar\/facetinforma\/wp-json\/wp\/v2\/media?parent=21744"}],"wp:term":[{"taxonomy":"category","embeddable":true,"href":"https:\/\/www.facet.unt.edu.ar\/facetinforma\/wp-json\/wp\/v2\/categories?post=21744"},{"taxonomy":"post_tag","embeddable":true,"href":"https:\/\/www.facet.unt.edu.ar\/facetinforma\/wp-json\/wp\/v2\/tags?post=21744"}],"curies":[{"name":"wp","href":"https:\/\/api.w.org\/{rel}","templated":true}]}}