{"id":21875,"date":"2021-04-07T11:07:58","date_gmt":"2021-04-07T14:07:58","guid":{"rendered":"https:\/\/www.facet.unt.edu.ar\/facetinforma\/?p=21875"},"modified":"2021-04-07T13:27:16","modified_gmt":"2021-04-07T16:27:16","slug":"curso-de-posgrado-herramientas-para-la-gestion-de-aulas-virtuales-2","status":"publish","type":"post","link":"https:\/\/www.facet.unt.edu.ar\/facetinforma\/2021\/04\/07\/curso-de-posgrado-herramientas-para-la-gestion-de-aulas-virtuales-2\/","title":{"rendered":"Curso de Posgrado \u201cHerramientas para la Gesti\u00f3n de Aulas Virtuales\u201d"},"content":{"rendered":"<div id=\"pl-21875\"  class=\"panel-layout\"><div id=\"pg-21875-0\"  class=\"panel-grid panel-no-style\"><div id=\"pgc-21875-0-0\"  class=\"panel-grid-cell\"><div id=\"panel-21875-0-0-0\" class=\"so-panel widget widget_black-studio-tinymce widget_black_studio_tinymce panel-first-child panel-last-child\" data-index=\"0\"><div class=\"textwidget\"><p><a href=\"https:\/\/www.facet.unt.edu.ar\/facetinforma\/wp-content\/uploads\/sites\/9\/2021\/04\/Flyer-curso-FACET.jpeg\"><img class=\"aligncenter size-full wp-image-21877\" src=\"https:\/\/www.facet.unt.edu.ar\/facetinforma\/wp-content\/uploads\/sites\/9\/2021\/04\/Flyer-curso-FACET.jpeg\" alt=\"\" width=\"904\" height=\"1280\" \/><\/a><\/p>\n<\/div><\/div><\/div><div id=\"pgc-21875-0-1\"  class=\"panel-grid-cell\"><div id=\"panel-21875-0-1-0\" class=\"so-panel widget widget_sow-editor panel-first-child panel-last-child\" data-index=\"1\"><div\n\t\t\t\n\t\t\tclass=\"so-widget-sow-editor so-widget-sow-editor-base\">\n<div class=\"siteorigin-widget-tinymce textwidget\">\n\t<p style=\"text-align: justify;\">El Centro de Educaci\u00f3n a Distancia e Investigaci\u00f3n en Tecnolog\u00edas Educativas (CEDITE) invita a todos los docentes FACET interesados a participar del <strong>curso de posgrado \u201cHerramientas para la Gesti\u00f3n de Aulas Virtuales\u201d <\/strong>(Resoluci\u00f3n N\u00ba 0422\/20), de 6 semanas de duraci\u00f3n. El mismo se dictar\u00e1 en la modalidad virtual con dos clases por Video-Conferencias, y comienza, con la primera de ellas, el\u00a0<strong>pr\u00f3ximo 19 de abril<\/strong>, a las<strong> 19:00 hs<\/strong>.<\/p><\/div><\/div><\/div><\/div><\/div><\/div><p><a class=\"more-link\" href=\"https:\/\/www.facet.unt.edu.ar\/facetinforma\/2021\/04\/07\/curso-de-posgrado-herramientas-para-la-gestion-de-aulas-virtuales-2\/\">Leer m\u00e1s<span class=\"meta-nav\">&rarr;<\/span><\/a><\/p>","protected":false},"excerpt":{"rendered":"<p>El Centro de Educaci\u00f3n a Distancia e Investigaci\u00f3n en Tecnolog\u00edas Educativas (CEDITE) invita a todos los docentes FACET interesados a participar del curso de posgrado \u201cHerramientas para la Gesti\u00f3n de Aulas Virtuales\u201d (Resoluci\u00f3n N\u00ba 0422\/20), de 6 semanas de duraci\u00f3n. El mismo se dictar\u00e1 en la modalidad virtual con dos clases por Video-Conferencias, y comienza, [&hellip;]<\/p>\n","protected":false},"author":6,"featured_media":0,"comment_status":"closed","ping_status":"closed","sticky":false,"template":"","format":"standard","meta":[],"categories":[5,4],"tags":[],"_links":{"self":[{"href":"https:\/\/www.facet.unt.edu.ar\/facetinforma\/wp-json\/wp\/v2\/posts\/21875"}],"collection":[{"href":"https:\/\/www.facet.unt.edu.ar\/facetinforma\/wp-json\/wp\/v2\/posts"}],"about":[{"href":"https:\/\/www.facet.unt.edu.ar\/facetinforma\/wp-json\/wp\/v2\/types\/post"}],"author":[{"embeddable":true,"href":"https:\/\/www.facet.unt.edu.ar\/facetinforma\/wp-json\/wp\/v2\/users\/6"}],"replies":[{"embeddable":true,"href":"https:\/\/www.facet.unt.edu.ar\/facetinforma\/wp-json\/wp\/v2\/comments?post=21875"}],"version-history":[{"count":4,"href":"https:\/\/www.facet.unt.edu.ar\/facetinforma\/wp-json\/wp\/v2\/posts\/21875\/revisions"}],"predecessor-version":[{"id":21882,"href":"https:\/\/www.facet.unt.edu.ar\/facetinforma\/wp-json\/wp\/v2\/posts\/21875\/revisions\/21882"}],"wp:attachment":[{"href":"https:\/\/www.facet.unt.edu.ar\/facetinforma\/wp-json\/wp\/v2\/media?parent=21875"}],"wp:term":[{"taxonomy":"category","embeddable":true,"href":"https:\/\/www.facet.unt.edu.ar\/facetinforma\/wp-json\/wp\/v2\/categories?post=21875"},{"taxonomy":"post_tag","embeddable":true,"href":"https:\/\/www.facet.unt.edu.ar\/facetinforma\/wp-json\/wp\/v2\/tags?post=21875"}],"curies":[{"name":"wp","href":"https:\/\/api.w.org\/{rel}","templated":true}]}}