{"id":21939,"date":"2021-04-13T16:43:16","date_gmt":"2021-04-13T19:43:16","guid":{"rendered":"https:\/\/www.facet.unt.edu.ar\/facetinforma\/?p=21939"},"modified":"2021-04-13T17:28:07","modified_gmt":"2021-04-13T20:28:07","slug":"viii-congreso-nacional-de-arqueometria","status":"publish","type":"post","link":"https:\/\/www.facet.unt.edu.ar\/facetinforma\/2021\/04\/13\/viii-congreso-nacional-de-arqueometria\/","title":{"rendered":"VIII Congreso Nacional de Arqueometr\u00eda"},"content":{"rendered":"<div id=\"pl-21939\"  class=\"panel-layout\"><div id=\"pg-21939-0\"  class=\"panel-grid panel-no-style\"><div id=\"pgc-21939-0-0\"  class=\"panel-grid-cell\"><div id=\"panel-21939-0-0-0\" class=\"so-panel widget widget_black-studio-tinymce widget_black_studio_tinymce panel-first-child panel-last-child\" data-index=\"0\"><div class=\"textwidget\"><p><a href=\"https:\/\/www.facet.unt.edu.ar\/facetinforma\/wp-content\/uploads\/sites\/9\/2021\/04\/4ta-Circular.jpeg\"><img class=\"aligncenter size-full wp-image-21941\" src=\"https:\/\/www.facet.unt.edu.ar\/facetinforma\/wp-content\/uploads\/sites\/9\/2021\/04\/4ta-Circular.jpeg\" alt=\"\" width=\"905\" height=\"1280\" \/><\/a><\/p>\n<\/div><\/div><\/div><div id=\"pgc-21939-0-1\"  class=\"panel-grid-cell\"><div id=\"panel-21939-0-1-0\" class=\"so-panel widget widget_sow-editor panel-first-child panel-last-child\" data-index=\"1\"><div\n\t\t\t\n\t\t\tclass=\"so-widget-sow-editor so-widget-sow-editor-base\">\n<div class=\"siteorigin-widget-tinymce textwidget\">\n\t<p style=\"text-align: justify;\">El VIII Congreso Nacional de Arqueometr\u00eda se desarrollar\u00e1 en modalidad virtual los d\u00edas 15, 16 y 17 de septiembre del corriente a\u00f1o. Esta modalidad implicar\u00e1 una mayor participaci\u00f3n y libre acceso a los resultados arqueom\u00e9tricos m\u00e1s actualizados, alcanzados por diferentes equipos de investigaci\u00f3n de nuestro pa\u00eds. A su vez permitir\u00e1 la participaci\u00f3n de manera gratuita.<\/p><\/div><\/div><\/div><\/div><\/div><\/div><p><a class=\"more-link\" href=\"https:\/\/www.facet.unt.edu.ar\/facetinforma\/2021\/04\/13\/viii-congreso-nacional-de-arqueometria\/\">Leer m\u00e1s<span class=\"meta-nav\">&rarr;<\/span><\/a><\/p>","protected":false},"excerpt":{"rendered":"<p>El VIII Congreso Nacional de Arqueometr\u00eda se desarrollar\u00e1 en modalidad virtual los d\u00edas 15, 16 y 17 de septiembre del corriente a\u00f1o. Esta modalidad implicar\u00e1 una mayor participaci\u00f3n y libre acceso a los resultados arqueom\u00e9tricos m\u00e1s actualizados, alcanzados por diferentes equipos de investigaci\u00f3n de nuestro pa\u00eds. A su vez permitir\u00e1 la participaci\u00f3n de manera gratuita.Hasta [&hellip;]<\/p>\n","protected":false},"author":6,"featured_media":0,"comment_status":"closed","ping_status":"closed","sticky":false,"template":"","format":"standard","meta":[],"categories":[5],"tags":[],"_links":{"self":[{"href":"https:\/\/www.facet.unt.edu.ar\/facetinforma\/wp-json\/wp\/v2\/posts\/21939"}],"collection":[{"href":"https:\/\/www.facet.unt.edu.ar\/facetinforma\/wp-json\/wp\/v2\/posts"}],"about":[{"href":"https:\/\/www.facet.unt.edu.ar\/facetinforma\/wp-json\/wp\/v2\/types\/post"}],"author":[{"embeddable":true,"href":"https:\/\/www.facet.unt.edu.ar\/facetinforma\/wp-json\/wp\/v2\/users\/6"}],"replies":[{"embeddable":true,"href":"https:\/\/www.facet.unt.edu.ar\/facetinforma\/wp-json\/wp\/v2\/comments?post=21939"}],"version-history":[{"count":3,"href":"https:\/\/www.facet.unt.edu.ar\/facetinforma\/wp-json\/wp\/v2\/posts\/21939\/revisions"}],"predecessor-version":[{"id":21947,"href":"https:\/\/www.facet.unt.edu.ar\/facetinforma\/wp-json\/wp\/v2\/posts\/21939\/revisions\/21947"}],"wp:attachment":[{"href":"https:\/\/www.facet.unt.edu.ar\/facetinforma\/wp-json\/wp\/v2\/media?parent=21939"}],"wp:term":[{"taxonomy":"category","embeddable":true,"href":"https:\/\/www.facet.unt.edu.ar\/facetinforma\/wp-json\/wp\/v2\/categories?post=21939"},{"taxonomy":"post_tag","embeddable":true,"href":"https:\/\/www.facet.unt.edu.ar\/facetinforma\/wp-json\/wp\/v2\/tags?post=21939"}],"curies":[{"name":"wp","href":"https:\/\/api.w.org\/{rel}","templated":true}]}}