{"id":22034,"date":"2021-04-26T14:12:24","date_gmt":"2021-04-26T17:12:24","guid":{"rendered":"https:\/\/www.facet.unt.edu.ar\/facetinforma\/?p=22034"},"modified":"2021-04-26T14:31:31","modified_gmt":"2021-04-26T17:31:31","slug":"premio-a-la-innovacion-para-la-inclusion-ing-rafael-kohanoff-reunion-informativa-28-04-10-hs","status":"publish","type":"post","link":"https:\/\/www.facet.unt.edu.ar\/facetinforma\/2021\/04\/26\/premio-a-la-innovacion-para-la-inclusion-ing-rafael-kohanoff-reunion-informativa-28-04-10-hs\/","title":{"rendered":"Premio a la Innovaci\u00f3n para la Inclusi\u00f3n \u201cIng. Rafael Kohanoff\u201d \u2013 Reuni\u00f3n informativa: 28\/04 \u2013 10 hs"},"content":{"rendered":"<div id=\"pl-22034\"  class=\"panel-layout\"><div id=\"pg-22034-0\"  class=\"panel-grid panel-no-style\"><div id=\"pgc-22034-0-0\"  class=\"panel-grid-cell\"><div id=\"panel-22034-0-0-0\" class=\"so-panel widget widget_black-studio-tinymce widget_black_studio_tinymce panel-first-child panel-last-child\" data-index=\"0\"><div class=\"textwidget\"><p><a href=\"https:\/\/www.facet.unt.edu.ar\/facetinforma\/wp-content\/uploads\/sites\/9\/2021\/04\/k1.jpg\"><img class=\"aligncenter size-full wp-image-22035\" src=\"https:\/\/www.facet.unt.edu.ar\/facetinforma\/wp-content\/uploads\/sites\/9\/2021\/04\/k1.jpg\" alt=\"\" width=\"2029\" height=\"3157\" \/><\/a><\/p>\n<\/div><\/div><\/div><div id=\"pgc-22034-0-1\"  class=\"panel-grid-cell\"><div id=\"panel-22034-0-1-0\" class=\"so-panel widget widget_sow-editor panel-first-child panel-last-child\" data-index=\"1\"><div\n\t\t\t\n\t\t\tclass=\"so-widget-sow-editor so-widget-sow-editor-base\">\n<div class=\"siteorigin-widget-tinymce textwidget\">\n\t<p style=\"text-align: justify;\"><strong>Este mi\u00e9rcoles 28 de abril, a las 10 hs, habr\u00e1 una charla informativa sobre el Premio a la Innovaci\u00f3n para la Inclusi\u00f3n \"Ing. Rafael Kohanoff\". Los proyectos deben estar vinculados a las discapacidades motoras, sensoriales o intelectuales, que sean de libre uso o f\u00e1cilmente realizables y bajo costo.<\/strong><\/p>\n<p style=\"text-align: justify;\">La SIDETEC realizar\u00e1, este mi\u00e9rcoles 28 de abril, a las 10:00 hs, el relanzamiento de la convocatoria para el Premio a la Innovaci\u00f3n para la Inclusi\u00f3n \"Ing. Rafael Kohanoff\". <\/p><\/div><\/div><\/div><\/div><\/div><\/div><p><a class=\"more-link\" href=\"https:\/\/www.facet.unt.edu.ar\/facetinforma\/2021\/04\/26\/premio-a-la-innovacion-para-la-inclusion-ing-rafael-kohanoff-reunion-informativa-28-04-10-hs\/\">Leer m\u00e1s<span class=\"meta-nav\">&rarr;<\/span><\/a><\/p>","protected":false},"excerpt":{"rendered":"<p>Este mi\u00e9rcoles 28 de abril, a las 10 hs, habr\u00e1 una charla informativa sobre el Premio a la Innovaci\u00f3n para la Inclusi\u00f3n &#8220;Ing. Rafael Kohanoff&#8221;. Los proyectos deben estar vinculados a las discapacidades motoras, sensoriales o intelectuales, que sean de libre uso o f\u00e1cilmente realizables y bajo costo. La SIDETEC realizar\u00e1, este mi\u00e9rcoles 28 de [&hellip;]<\/p>\n","protected":false},"author":6,"featured_media":0,"comment_status":"closed","ping_status":"closed","sticky":false,"template":"","format":"standard","meta":[],"categories":[5],"tags":[],"_links":{"self":[{"href":"https:\/\/www.facet.unt.edu.ar\/facetinforma\/wp-json\/wp\/v2\/posts\/22034"}],"collection":[{"href":"https:\/\/www.facet.unt.edu.ar\/facetinforma\/wp-json\/wp\/v2\/posts"}],"about":[{"href":"https:\/\/www.facet.unt.edu.ar\/facetinforma\/wp-json\/wp\/v2\/types\/post"}],"author":[{"embeddable":true,"href":"https:\/\/www.facet.unt.edu.ar\/facetinforma\/wp-json\/wp\/v2\/users\/6"}],"replies":[{"embeddable":true,"href":"https:\/\/www.facet.unt.edu.ar\/facetinforma\/wp-json\/wp\/v2\/comments?post=22034"}],"version-history":[{"count":4,"href":"https:\/\/www.facet.unt.edu.ar\/facetinforma\/wp-json\/wp\/v2\/posts\/22034\/revisions"}],"predecessor-version":[{"id":22037,"href":"https:\/\/www.facet.unt.edu.ar\/facetinforma\/wp-json\/wp\/v2\/posts\/22034\/revisions\/22037"}],"wp:attachment":[{"href":"https:\/\/www.facet.unt.edu.ar\/facetinforma\/wp-json\/wp\/v2\/media?parent=22034"}],"wp:term":[{"taxonomy":"category","embeddable":true,"href":"https:\/\/www.facet.unt.edu.ar\/facetinforma\/wp-json\/wp\/v2\/categories?post=22034"},{"taxonomy":"post_tag","embeddable":true,"href":"https:\/\/www.facet.unt.edu.ar\/facetinforma\/wp-json\/wp\/v2\/tags?post=22034"}],"curies":[{"name":"wp","href":"https:\/\/api.w.org\/{rel}","templated":true}]}}