{"id":2204,"date":"2012-10-31T14:05:24","date_gmt":"2012-10-31T14:05:24","guid":{"rendered":"http:\/\/www1.herrera.unt.edu.ar\/facetinforma\/?p=2204"},"modified":"2012-10-31T14:05:24","modified_gmt":"2012-10-31T14:05:24","slug":"asueto-02-de-noviembre","status":"publish","type":"post","link":"https:\/\/www.facet.unt.edu.ar\/facetinforma\/2012\/10\/31\/asueto-02-de-noviembre\/","title":{"rendered":"Asueto 02 de Noviembre"},"content":{"rendered":"<p style=\"text-align: justify\">Con motivo de recordarse a los Fieles Difuntos el d\u00eda 02 de Noviembre de cada a\u00f1o, el Sr. Rector de la Universidad Nacional de Tucum\u00e1n, Prof. Cr Juan Alberto Cerisola informa a la comunidad universitaria, que por Resoluci\u00f3n 2575\/2012, se declara asueto en dicha fecha, para todo el personal de la Universidad Nacional de Tucum\u00e1n.<\/p>\n","protected":false},"excerpt":{"rendered":"<p>Con motivo de recordarse a los Fieles Difuntos el d\u00eda 02 de Noviembre de cada a\u00f1o, el Sr. Rector de la Universidad Nacional de Tucum\u00e1n, Prof. Cr Juan Alberto Cerisola informa a la comunidad universitaria, que por Resoluci\u00f3n 2575\/2012, se declara asueto en dicha fecha, para todo el personal de la Universidad Nacional de Tucum\u00e1n.<\/p>\n","protected":false},"author":6,"featured_media":0,"comment_status":"closed","ping_status":"open","sticky":false,"template":"","format":"standard","meta":[],"categories":[5],"tags":[],"_links":{"self":[{"href":"https:\/\/www.facet.unt.edu.ar\/facetinforma\/wp-json\/wp\/v2\/posts\/2204"}],"collection":[{"href":"https:\/\/www.facet.unt.edu.ar\/facetinforma\/wp-json\/wp\/v2\/posts"}],"about":[{"href":"https:\/\/www.facet.unt.edu.ar\/facetinforma\/wp-json\/wp\/v2\/types\/post"}],"author":[{"embeddable":true,"href":"https:\/\/www.facet.unt.edu.ar\/facetinforma\/wp-json\/wp\/v2\/users\/6"}],"replies":[{"embeddable":true,"href":"https:\/\/www.facet.unt.edu.ar\/facetinforma\/wp-json\/wp\/v2\/comments?post=2204"}],"version-history":[{"count":0,"href":"https:\/\/www.facet.unt.edu.ar\/facetinforma\/wp-json\/wp\/v2\/posts\/2204\/revisions"}],"wp:attachment":[{"href":"https:\/\/www.facet.unt.edu.ar\/facetinforma\/wp-json\/wp\/v2\/media?parent=2204"}],"wp:term":[{"taxonomy":"category","embeddable":true,"href":"https:\/\/www.facet.unt.edu.ar\/facetinforma\/wp-json\/wp\/v2\/categories?post=2204"},{"taxonomy":"post_tag","embeddable":true,"href":"https:\/\/www.facet.unt.edu.ar\/facetinforma\/wp-json\/wp\/v2\/tags?post=2204"}],"curies":[{"name":"wp","href":"https:\/\/api.w.org\/{rel}","templated":true}]}}