{"id":22044,"date":"2021-04-28T20:14:03","date_gmt":"2021-04-28T23:14:03","guid":{"rendered":"https:\/\/www.facet.unt.edu.ar\/facetinforma\/?p=22044"},"modified":"2021-04-28T21:18:55","modified_gmt":"2021-04-29T00:18:55","slug":"invitacion-a-la-defensa-de-proyecto-final-para-acceder-al-titulo-de-ingeniero-biomedico","status":"publish","type":"post","link":"https:\/\/www.facet.unt.edu.ar\/facetinforma\/2021\/04\/28\/invitacion-a-la-defensa-de-proyecto-final-para-acceder-al-titulo-de-ingeniero-biomedico\/","title":{"rendered":"Invitaci\u00f3n a la Defensa de Proyecto Final para acceder al t\u00edtulo de Ingeniero Biom\u00e9dico"},"content":{"rendered":"<div id=\"pl-22044\"  class=\"panel-layout\"><div id=\"pg-22044-0\"  class=\"panel-grid panel-no-style\"><div id=\"pgc-22044-0-0\"  class=\"panel-grid-cell\"><div id=\"panel-22044-0-0-0\" class=\"so-panel widget widget_black-studio-tinymce widget_black_studio_tinymce panel-first-child panel-last-child\" data-index=\"0\"><div class=\"textwidget\"><p><a href=\"https:\/\/www.facet.unt.edu.ar\/facetinforma\/wp-content\/uploads\/sites\/9\/2021\/04\/DEFENSA-DE-PROYECTO-FINAL-BIOMEDICA.png\"><img class=\"aligncenter size-full wp-image-22047\" src=\"https:\/\/www.facet.unt.edu.ar\/facetinforma\/wp-content\/uploads\/sites\/9\/2021\/04\/DEFENSA-DE-PROYECTO-FINAL-BIOMEDICA.png\" alt=\"\" width=\"1200\" height=\"1006\" \/><\/a><\/p>\n<\/div><\/div><\/div><div id=\"pgc-22044-0-1\"  class=\"panel-grid-cell\"><div id=\"panel-22044-0-1-0\" class=\"so-panel widget widget_sow-editor panel-first-child panel-last-child\" data-index=\"1\"><div\n\t\t\t\n\t\t\tclass=\"so-widget-sow-editor so-widget-sow-editor-base\">\n<div class=\"siteorigin-widget-tinymce textwidget\">\n\t<p style=\"text-align: justify;\">Se invita a la comunidad universitaria a participar de la Defensa del Proyecto de Graduaci\u00f3n del alumno <strong>Gerardo\u00a0Luis Padilla<\/strong>, titulado: \u201c<strong>Interfaz cerebro computadora basada en potenciales corticales visuales de estado estacionario para el control de dispositivos<\/strong>\u201d, para obtener el t\u00edtulo de grado de Ingeniero Biom\u00e9dico, FACET \u2013 UNT.<\/p><\/div><\/div><\/div><\/div><\/div><\/div><p><a class=\"more-link\" href=\"https:\/\/www.facet.unt.edu.ar\/facetinforma\/2021\/04\/28\/invitacion-a-la-defensa-de-proyecto-final-para-acceder-al-titulo-de-ingeniero-biomedico\/\">Leer m\u00e1s<span class=\"meta-nav\">&rarr;<\/span><\/a><\/p>","protected":false},"excerpt":{"rendered":"<p>Se invita a la comunidad universitaria a participar de la Defensa del Proyecto de Graduaci\u00f3n del alumno Gerardo\u00a0Luis Padilla, titulado: \u201cInterfaz cerebro computadora basada en potenciales corticales visuales de estado estacionario para el control de dispositivos\u201d, para obtener el t\u00edtulo de grado de Ingeniero Biom\u00e9dico, FACET \u2013 UNT. El proyecto final estuvo bajo la direcci\u00f3n [&hellip;]<\/p>\n","protected":false},"author":6,"featured_media":0,"comment_status":"closed","ping_status":"closed","sticky":false,"template":"","format":"standard","meta":[],"categories":[5],"tags":[],"_links":{"self":[{"href":"https:\/\/www.facet.unt.edu.ar\/facetinforma\/wp-json\/wp\/v2\/posts\/22044"}],"collection":[{"href":"https:\/\/www.facet.unt.edu.ar\/facetinforma\/wp-json\/wp\/v2\/posts"}],"about":[{"href":"https:\/\/www.facet.unt.edu.ar\/facetinforma\/wp-json\/wp\/v2\/types\/post"}],"author":[{"embeddable":true,"href":"https:\/\/www.facet.unt.edu.ar\/facetinforma\/wp-json\/wp\/v2\/users\/6"}],"replies":[{"embeddable":true,"href":"https:\/\/www.facet.unt.edu.ar\/facetinforma\/wp-json\/wp\/v2\/comments?post=22044"}],"version-history":[{"count":6,"href":"https:\/\/www.facet.unt.edu.ar\/facetinforma\/wp-json\/wp\/v2\/posts\/22044\/revisions"}],"predecessor-version":[{"id":22049,"href":"https:\/\/www.facet.unt.edu.ar\/facetinforma\/wp-json\/wp\/v2\/posts\/22044\/revisions\/22049"}],"wp:attachment":[{"href":"https:\/\/www.facet.unt.edu.ar\/facetinforma\/wp-json\/wp\/v2\/media?parent=22044"}],"wp:term":[{"taxonomy":"category","embeddable":true,"href":"https:\/\/www.facet.unt.edu.ar\/facetinforma\/wp-json\/wp\/v2\/categories?post=22044"},{"taxonomy":"post_tag","embeddable":true,"href":"https:\/\/www.facet.unt.edu.ar\/facetinforma\/wp-json\/wp\/v2\/tags?post=22044"}],"curies":[{"name":"wp","href":"https:\/\/api.w.org\/{rel}","templated":true}]}}