{"id":22225,"date":"2021-05-21T12:57:37","date_gmt":"2021-05-21T15:57:37","guid":{"rendered":"https:\/\/www.facet.unt.edu.ar\/facetinforma\/?p=22225"},"modified":"2021-05-21T12:57:39","modified_gmt":"2021-05-21T15:57:39","slug":"webinar-armando-una-empresa-en-silicon-valley","status":"publish","type":"post","link":"https:\/\/www.facet.unt.edu.ar\/facetinforma\/2021\/05\/21\/webinar-armando-una-empresa-en-silicon-valley\/","title":{"rendered":"Webinar \u201cArmando una empresa en Silicon Valley\u201d"},"content":{"rendered":"<div id=\"pl-22225\"  class=\"panel-layout\"><div id=\"pg-22225-0\"  class=\"panel-grid panel-no-style\"><div id=\"pgc-22225-0-0\"  class=\"panel-grid-cell\"><div id=\"panel-22225-0-0-0\" class=\"so-panel widget widget_black-studio-tinymce widget_black_studio_tinymce panel-first-child panel-last-child\" data-index=\"0\"><div class=\"textwidget\"><p><a href=\"https:\/\/www.facet.unt.edu.ar\/facetinforma\/wp-content\/uploads\/sites\/9\/2021\/05\/Flyer-Luis-Remis.jpeg\"><img class=\"aligncenter size-full wp-image-22226\" src=\"https:\/\/www.facet.unt.edu.ar\/facetinforma\/wp-content\/uploads\/sites\/9\/2021\/05\/Flyer-Luis-Remis.jpeg\" alt=\"\" width=\"1080\" height=\"1080\" \/><\/a><\/p>\n<\/div><\/div><\/div><div id=\"pgc-22225-0-1\"  class=\"panel-grid-cell\"><div id=\"panel-22225-0-1-0\" class=\"so-panel widget widget_sow-editor panel-first-child panel-last-child\" data-index=\"1\"><div\n\t\t\t\n\t\t\tclass=\"so-widget-sow-editor so-widget-sow-editor-base\">\n<div class=\"siteorigin-widget-tinymce textwidget\">\n\t<p style=\"text-align: justify;\">La Especializaci\u00f3n en Integraci\u00f3n de Tecnolog\u00edas Inform\u00e1ticas (EITI) y la Fundaci\u00f3n del Tucum\u00e1n, a trav\u00e9s de los convenios vigentes, invitan a docentes, estudiantes y graduados a participar del segundo webinar del ciclo Tech Talks: <strong>\u201cArmando una empresa en Silicon Valley\u201d<\/strong>.<\/p><\/div><\/div><\/div><\/div><\/div><\/div><p><a class=\"more-link\" href=\"https:\/\/www.facet.unt.edu.ar\/facetinforma\/2021\/05\/21\/webinar-armando-una-empresa-en-silicon-valley\/\">Leer m\u00e1s<span class=\"meta-nav\">&rarr;<\/span><\/a><\/p>","protected":false},"excerpt":{"rendered":"<p>La Especializaci\u00f3n en Integraci\u00f3n de Tecnolog\u00edas Inform\u00e1ticas (EITI) y la Fundaci\u00f3n del Tucum\u00e1n, a trav\u00e9s de los convenios vigentes, invitan a docentes, estudiantes y graduados a participar del segundo webinar del ciclo Tech Talks: \u201cArmando una empresa en Silicon Valley\u201d.En este encuentro conocer\u00e1s,\u00a0desde Silicon Valley, la experiencia de vida\u00a0de Luis Remis, como es el proceso [&hellip;]<\/p>\n","protected":false},"author":6,"featured_media":0,"comment_status":"closed","ping_status":"closed","sticky":false,"template":"","format":"standard","meta":[],"categories":[22,5],"tags":[],"_links":{"self":[{"href":"https:\/\/www.facet.unt.edu.ar\/facetinforma\/wp-json\/wp\/v2\/posts\/22225"}],"collection":[{"href":"https:\/\/www.facet.unt.edu.ar\/facetinforma\/wp-json\/wp\/v2\/posts"}],"about":[{"href":"https:\/\/www.facet.unt.edu.ar\/facetinforma\/wp-json\/wp\/v2\/types\/post"}],"author":[{"embeddable":true,"href":"https:\/\/www.facet.unt.edu.ar\/facetinforma\/wp-json\/wp\/v2\/users\/6"}],"replies":[{"embeddable":true,"href":"https:\/\/www.facet.unt.edu.ar\/facetinforma\/wp-json\/wp\/v2\/comments?post=22225"}],"version-history":[{"count":2,"href":"https:\/\/www.facet.unt.edu.ar\/facetinforma\/wp-json\/wp\/v2\/posts\/22225\/revisions"}],"predecessor-version":[{"id":22228,"href":"https:\/\/www.facet.unt.edu.ar\/facetinforma\/wp-json\/wp\/v2\/posts\/22225\/revisions\/22228"}],"wp:attachment":[{"href":"https:\/\/www.facet.unt.edu.ar\/facetinforma\/wp-json\/wp\/v2\/media?parent=22225"}],"wp:term":[{"taxonomy":"category","embeddable":true,"href":"https:\/\/www.facet.unt.edu.ar\/facetinforma\/wp-json\/wp\/v2\/categories?post=22225"},{"taxonomy":"post_tag","embeddable":true,"href":"https:\/\/www.facet.unt.edu.ar\/facetinforma\/wp-json\/wp\/v2\/tags?post=22225"}],"curies":[{"name":"wp","href":"https:\/\/api.w.org\/{rel}","templated":true}]}}