{"id":22248,"date":"2021-05-28T10:44:25","date_gmt":"2021-05-28T13:44:25","guid":{"rendered":"https:\/\/www.facet.unt.edu.ar\/facetinforma\/?p=22248"},"modified":"2021-05-28T12:46:22","modified_gmt":"2021-05-28T15:46:22","slug":"vii-concurso-nacional-de-fotografia-sobre-tematica-cientifica-y-tecnologica","status":"publish","type":"post","link":"https:\/\/www.facet.unt.edu.ar\/facetinforma\/2021\/05\/28\/vii-concurso-nacional-de-fotografia-sobre-tematica-cientifica-y-tecnologica\/","title":{"rendered":"VII Concurso Nacional de Fotograf\u00eda sobre Tem\u00e1tica Cient\u00edfica y Tecnol\u00f3gica"},"content":{"rendered":"<div id=\"pl-22248\"  class=\"panel-layout\"><div id=\"pg-22248-0\"  class=\"panel-grid panel-no-style\"><div id=\"pgc-22248-0-0\"  class=\"panel-grid-cell\"><div id=\"panel-22248-0-0-0\" class=\"so-panel widget widget_black-studio-tinymce widget_black_studio_tinymce panel-first-child panel-last-child\" data-index=\"0\"><div class=\"textwidget\"><p><a href=\"https:\/\/www.facet.unt.edu.ar\/facetinforma\/wp-content\/uploads\/sites\/9\/2021\/05\/concurso-fotografia.jpg\"><img class=\"aligncenter size-full wp-image-22249\" src=\"https:\/\/www.facet.unt.edu.ar\/facetinforma\/wp-content\/uploads\/sites\/9\/2021\/05\/concurso-fotografia.jpg\" alt=\"\" width=\"1067\" height=\"1600\" \/><\/a><\/p>\n<\/div><\/div><\/div><div id=\"pgc-22248-0-1\"  class=\"panel-grid-cell\"><div id=\"panel-22248-0-1-0\" class=\"so-panel widget widget_sow-editor panel-first-child panel-last-child\" data-index=\"1\"><div\n\t\t\t\n\t\t\tclass=\"so-widget-sow-editor so-widget-sow-editor-base\">\n<div class=\"siteorigin-widget-tinymce textwidget\">\n\t<p style=\"text-align: justify;\">El Concurso Nacional de Fotograf\u00eda \u201cCiencia en Foco, Tecnolog\u00eda en Foco\u201d abre la inscripci\u00f3n de su VII edici\u00f3n. Desde la Direcci\u00f3n de Articulaci\u00f3n de Contenidos Audiovisuales (DAyCA) del Ministerio de Ciencia, Tecnolog\u00eda e Innovaci\u00f3n, invita a los interesados a presentar obras fotogr\u00e1ficas que desde una mirada art\u00edstica retraten la belleza y la singularidad presentes en la ciencia y en la tecnolog\u00eda.<\/p><\/div><\/div><\/div><\/div><\/div><\/div><p><a class=\"more-link\" href=\"https:\/\/www.facet.unt.edu.ar\/facetinforma\/2021\/05\/28\/vii-concurso-nacional-de-fotografia-sobre-tematica-cientifica-y-tecnologica\/\">Leer m\u00e1s<span class=\"meta-nav\">&rarr;<\/span><\/a><\/p>","protected":false},"excerpt":{"rendered":"<p>El Concurso Nacional de Fotograf\u00eda \u201cCiencia en Foco, Tecnolog\u00eda en Foco\u201d abre la inscripci\u00f3n de su VII edici\u00f3n. Desde la Direcci\u00f3n de Articulaci\u00f3n de Contenidos Audiovisuales (DAyCA) del Ministerio de Ciencia, Tecnolog\u00eda e Innovaci\u00f3n, invita a los interesados a presentar obras fotogr\u00e1ficas que desde una mirada art\u00edstica retraten la belleza y la singularidad presentes en [&hellip;]<\/p>\n","protected":false},"author":6,"featured_media":0,"comment_status":"closed","ping_status":"closed","sticky":false,"template":"","format":"standard","meta":[],"categories":[5],"tags":[],"_links":{"self":[{"href":"https:\/\/www.facet.unt.edu.ar\/facetinforma\/wp-json\/wp\/v2\/posts\/22248"}],"collection":[{"href":"https:\/\/www.facet.unt.edu.ar\/facetinforma\/wp-json\/wp\/v2\/posts"}],"about":[{"href":"https:\/\/www.facet.unt.edu.ar\/facetinforma\/wp-json\/wp\/v2\/types\/post"}],"author":[{"embeddable":true,"href":"https:\/\/www.facet.unt.edu.ar\/facetinforma\/wp-json\/wp\/v2\/users\/6"}],"replies":[{"embeddable":true,"href":"https:\/\/www.facet.unt.edu.ar\/facetinforma\/wp-json\/wp\/v2\/comments?post=22248"}],"version-history":[{"count":2,"href":"https:\/\/www.facet.unt.edu.ar\/facetinforma\/wp-json\/wp\/v2\/posts\/22248\/revisions"}],"predecessor-version":[{"id":22252,"href":"https:\/\/www.facet.unt.edu.ar\/facetinforma\/wp-json\/wp\/v2\/posts\/22248\/revisions\/22252"}],"wp:attachment":[{"href":"https:\/\/www.facet.unt.edu.ar\/facetinforma\/wp-json\/wp\/v2\/media?parent=22248"}],"wp:term":[{"taxonomy":"category","embeddable":true,"href":"https:\/\/www.facet.unt.edu.ar\/facetinforma\/wp-json\/wp\/v2\/categories?post=22248"},{"taxonomy":"post_tag","embeddable":true,"href":"https:\/\/www.facet.unt.edu.ar\/facetinforma\/wp-json\/wp\/v2\/tags?post=22248"}],"curies":[{"name":"wp","href":"https:\/\/api.w.org\/{rel}","templated":true}]}}