{"id":22281,"date":"2021-06-02T12:35:12","date_gmt":"2021-06-02T15:35:12","guid":{"rendered":"https:\/\/www.facet.unt.edu.ar\/facetinforma\/?p=22281"},"modified":"2021-06-02T15:29:24","modified_gmt":"2021-06-02T18:29:24","slug":"invitacion-al-seminario-grupos-de-lie-de-matrices-compacidad-y-conexidad","status":"publish","type":"post","link":"https:\/\/www.facet.unt.edu.ar\/facetinforma\/2021\/06\/02\/invitacion-al-seminario-grupos-de-lie-de-matrices-compacidad-y-conexidad\/","title":{"rendered":"Invitaci\u00f3n al Seminario \u201cGrupos de Lie de Matrices: compacidad y conexidad\u201d"},"content":{"rendered":"<div id=\"pl-22281\"  class=\"panel-layout\"><div id=\"pg-22281-0\"  class=\"panel-grid panel-no-style\"><div id=\"pgc-22281-0-0\"  class=\"panel-grid-cell\"><div id=\"panel-22281-0-0-0\" class=\"so-panel widget widget_black-studio-tinymce widget_black_studio_tinymce panel-first-child panel-last-child\" data-index=\"0\"><div class=\"textwidget\"><p><a href=\"https:\/\/www.facet.unt.edu.ar\/facetinforma\/wp-content\/uploads\/sites\/9\/2021\/06\/seminario-de-matematica.png\"><img class=\"aligncenter size-full wp-image-22284\" src=\"https:\/\/www.facet.unt.edu.ar\/facetinforma\/wp-content\/uploads\/sites\/9\/2021\/06\/seminario-de-matematica.png\" alt=\"\" width=\"1200\" height=\"1036\" \/><\/a><\/p>\n<\/div><\/div><\/div><div id=\"pgc-22281-0-1\"  class=\"panel-grid-cell\"><div id=\"panel-22281-0-1-0\" class=\"so-panel widget widget_sow-editor panel-first-child panel-last-child\" data-index=\"1\"><div\n\t\t\t\n\t\t\tclass=\"so-widget-sow-editor so-widget-sow-editor-base\">\n<div class=\"siteorigin-widget-tinymce textwidget\">\n\t<p style=\"text-align: justify;\">En el marco de los Seminarios de Divulgaci\u00f3n Cient\u00edfica en Matem\u00e1tica de la Maestr\u00eda en Matem\u00e1tica de la FACET, se invita a alumnos, docentes y p\u00fablico en general a participar del seminario <strong>\u201cGrupos de Lie de Matrices: compacidad y conexidad\u201d<\/strong>, a cargo de la <strong>Lic. M. Victoria Trimarco<\/strong> (FACET - UNT.). El mismo se desarrollar\u00e1 este <strong>viernes 04 de junio<\/strong>, a las <strong>12:00 hs<\/strong>, a trav\u00e9s de la plataforma Google Meet. <\/p><\/div><\/div><\/div><\/div><\/div><\/div><p><a class=\"more-link\" href=\"https:\/\/www.facet.unt.edu.ar\/facetinforma\/2021\/06\/02\/invitacion-al-seminario-grupos-de-lie-de-matrices-compacidad-y-conexidad\/\">Leer m\u00e1s<span class=\"meta-nav\">&rarr;<\/span><\/a><\/p>","protected":false},"excerpt":{"rendered":"<p>En el marco de los Seminarios de Divulgaci\u00f3n Cient\u00edfica en Matem\u00e1tica de la Maestr\u00eda en Matem\u00e1tica de la FACET, se invita a alumnos, docentes y p\u00fablico en general a participar del seminario \u201cGrupos de Lie de Matrices: compacidad y conexidad\u201d, a cargo de la Lic. M. Victoria Trimarco (FACET &#8211; UNT.). El mismo se desarrollar\u00e1 [&hellip;]<\/p>\n","protected":false},"author":6,"featured_media":0,"comment_status":"closed","ping_status":"closed","sticky":false,"template":"","format":"standard","meta":[],"categories":[22,5],"tags":[],"_links":{"self":[{"href":"https:\/\/www.facet.unt.edu.ar\/facetinforma\/wp-json\/wp\/v2\/posts\/22281"}],"collection":[{"href":"https:\/\/www.facet.unt.edu.ar\/facetinforma\/wp-json\/wp\/v2\/posts"}],"about":[{"href":"https:\/\/www.facet.unt.edu.ar\/facetinforma\/wp-json\/wp\/v2\/types\/post"}],"author":[{"embeddable":true,"href":"https:\/\/www.facet.unt.edu.ar\/facetinforma\/wp-json\/wp\/v2\/users\/6"}],"replies":[{"embeddable":true,"href":"https:\/\/www.facet.unt.edu.ar\/facetinforma\/wp-json\/wp\/v2\/comments?post=22281"}],"version-history":[{"count":4,"href":"https:\/\/www.facet.unt.edu.ar\/facetinforma\/wp-json\/wp\/v2\/posts\/22281\/revisions"}],"predecessor-version":[{"id":22285,"href":"https:\/\/www.facet.unt.edu.ar\/facetinforma\/wp-json\/wp\/v2\/posts\/22281\/revisions\/22285"}],"wp:attachment":[{"href":"https:\/\/www.facet.unt.edu.ar\/facetinforma\/wp-json\/wp\/v2\/media?parent=22281"}],"wp:term":[{"taxonomy":"category","embeddable":true,"href":"https:\/\/www.facet.unt.edu.ar\/facetinforma\/wp-json\/wp\/v2\/categories?post=22281"},{"taxonomy":"post_tag","embeddable":true,"href":"https:\/\/www.facet.unt.edu.ar\/facetinforma\/wp-json\/wp\/v2\/tags?post=22281"}],"curies":[{"name":"wp","href":"https:\/\/api.w.org\/{rel}","templated":true}]}}