{"id":22362,"date":"2021-06-18T19:32:40","date_gmt":"2021-06-18T22:32:40","guid":{"rendered":"https:\/\/www.facet.unt.edu.ar\/facetinforma\/?p=22362"},"modified":"2021-06-18T21:12:36","modified_gmt":"2021-06-19T00:12:36","slug":"nueva-edicion-de-escuela-de-ciencias-informaticas-eci-virtual-del-26-al-30-de-julio","status":"publish","type":"post","link":"https:\/\/www.facet.unt.edu.ar\/facetinforma\/2021\/06\/18\/nueva-edicion-de-escuela-de-ciencias-informaticas-eci-virtual-del-26-al-30-de-julio\/","title":{"rendered":"Nueva Edici\u00f3n de Escuela de Ciencias Inform\u00e1ticas (ECI) Virtual &#8211; del 26 al 30 de julio"},"content":{"rendered":"<div id=\"pl-22362\"  class=\"panel-layout\"><div id=\"pg-22362-0\"  class=\"panel-grid panel-no-style\"><div id=\"pgc-22362-0-0\"  class=\"panel-grid-cell\"><div id=\"panel-22362-0-0-0\" class=\"so-panel widget widget_black-studio-tinymce widget_black_studio_tinymce panel-first-child panel-last-child\" data-index=\"0\"><div class=\"textwidget\"><p><a href=\"https:\/\/www.facet.unt.edu.ar\/facetinforma\/wp-content\/uploads\/sites\/9\/2021\/06\/ECI-VIRTUAL-2021-1200x1200-1.png\"><img class=\"aligncenter size-full wp-image-22372\" src=\"https:\/\/www.facet.unt.edu.ar\/facetinforma\/wp-content\/uploads\/sites\/9\/2021\/06\/ECI-VIRTUAL-2021-1200x1200-1.png\" alt=\"\" width=\"1200\" height=\"1200\" \/><\/a><\/p>\n<\/div><\/div><\/div><div id=\"pgc-22362-0-1\"  class=\"panel-grid-cell\"><div id=\"panel-22362-0-1-0\" class=\"so-panel widget widget_sow-editor panel-first-child panel-last-child\" data-index=\"1\"><div\n\t\t\t\n\t\t\tclass=\"so-widget-sow-editor so-widget-sow-editor-base\">\n<div class=\"siteorigin-widget-tinymce textwidget\">\n\t<p style=\"text-align: justify;\">Del\u00a0<strong>26 al 30 de julio<\/strong>\u00a0se llevar\u00e1 a cabo la\u00a0<strong>34\u00ba edici\u00f3n de\u00a0la Escuela de Ciencias Inform\u00e1ticas - \u00a0ECI 2021<\/strong>, organizada por el Departamento de Computaci\u00f3n de la Facultad de Ciencias Exactas y Naturales de la Universidad de Buenos Aires. La misma est\u00e1 destinada a estudiantes y profesionales de carreras inform\u00e1ticas y afines.<\/p><\/div><\/div><\/div><\/div><\/div><\/div><p><a class=\"more-link\" href=\"https:\/\/www.facet.unt.edu.ar\/facetinforma\/2021\/06\/18\/nueva-edicion-de-escuela-de-ciencias-informaticas-eci-virtual-del-26-al-30-de-julio\/\">Leer m\u00e1s<span class=\"meta-nav\">&rarr;<\/span><\/a><\/p>","protected":false},"excerpt":{"rendered":"<p>Del\u00a026 al 30 de julio\u00a0se llevar\u00e1 a cabo la\u00a034\u00ba edici\u00f3n de\u00a0la Escuela de Ciencias Inform\u00e1ticas &#8211; \u00a0ECI 2021, organizada por el Departamento de Computaci\u00f3n de la Facultad de Ciencias Exactas y Naturales de la Universidad de Buenos Aires. La misma est\u00e1 destinada a estudiantes y profesionales de carreras inform\u00e1ticas y afines. Este a\u00f1o la Escuela [&hellip;]<\/p>\n","protected":false},"author":6,"featured_media":0,"comment_status":"closed","ping_status":"closed","sticky":false,"template":"","format":"standard","meta":[],"categories":[5],"tags":[],"_links":{"self":[{"href":"https:\/\/www.facet.unt.edu.ar\/facetinforma\/wp-json\/wp\/v2\/posts\/22362"}],"collection":[{"href":"https:\/\/www.facet.unt.edu.ar\/facetinforma\/wp-json\/wp\/v2\/posts"}],"about":[{"href":"https:\/\/www.facet.unt.edu.ar\/facetinforma\/wp-json\/wp\/v2\/types\/post"}],"author":[{"embeddable":true,"href":"https:\/\/www.facet.unt.edu.ar\/facetinforma\/wp-json\/wp\/v2\/users\/6"}],"replies":[{"embeddable":true,"href":"https:\/\/www.facet.unt.edu.ar\/facetinforma\/wp-json\/wp\/v2\/comments?post=22362"}],"version-history":[{"count":6,"href":"https:\/\/www.facet.unt.edu.ar\/facetinforma\/wp-json\/wp\/v2\/posts\/22362\/revisions"}],"predecessor-version":[{"id":22374,"href":"https:\/\/www.facet.unt.edu.ar\/facetinforma\/wp-json\/wp\/v2\/posts\/22362\/revisions\/22374"}],"wp:attachment":[{"href":"https:\/\/www.facet.unt.edu.ar\/facetinforma\/wp-json\/wp\/v2\/media?parent=22362"}],"wp:term":[{"taxonomy":"category","embeddable":true,"href":"https:\/\/www.facet.unt.edu.ar\/facetinforma\/wp-json\/wp\/v2\/categories?post=22362"},{"taxonomy":"post_tag","embeddable":true,"href":"https:\/\/www.facet.unt.edu.ar\/facetinforma\/wp-json\/wp\/v2\/tags?post=22362"}],"curies":[{"name":"wp","href":"https:\/\/api.w.org\/{rel}","templated":true}]}}