{"id":22467,"date":"2021-07-02T17:39:40","date_gmt":"2021-07-02T20:39:40","guid":{"rendered":"https:\/\/www.facet.unt.edu.ar\/facetinforma\/?p=22467"},"modified":"2021-07-02T18:34:45","modified_gmt":"2021-07-02T21:34:45","slug":"invitacion-a-la-defensa-de-proyecto-final-para-acceder-al-titulo-de-ingeniera-biomedica","status":"publish","type":"post","link":"https:\/\/www.facet.unt.edu.ar\/facetinforma\/2021\/07\/02\/invitacion-a-la-defensa-de-proyecto-final-para-acceder-al-titulo-de-ingeniera-biomedica\/","title":{"rendered":"Invitaci\u00f3n a Defensa de Proyecto Final para acceder al t\u00edtulo de Ingeniera Biom\u00e9dica"},"content":{"rendered":"<div id=\"pl-22467\"  class=\"panel-layout\"><div id=\"pg-22467-0\"  class=\"panel-grid panel-no-style\"><div id=\"pgc-22467-0-0\"  class=\"panel-grid-cell\"><div id=\"panel-22467-0-0-0\" class=\"so-panel widget widget_black-studio-tinymce widget_black_studio_tinymce panel-first-child panel-last-child\" data-index=\"0\"><div class=\"textwidget\"><p><a href=\"https:\/\/www.facet.unt.edu.ar\/facetinforma\/wp-content\/uploads\/sites\/9\/2021\/07\/DEFENSA-DE-TESIS-ALUMNA-SALAS.png\"><img class=\"aligncenter size-full wp-image-22468\" src=\"https:\/\/www.facet.unt.edu.ar\/facetinforma\/wp-content\/uploads\/sites\/9\/2021\/07\/DEFENSA-DE-TESIS-ALUMNA-SALAS.png\" alt=\"\" width=\"1200\" height=\"1005\" \/><\/a><\/p>\n<\/div><\/div><\/div><div id=\"pgc-22467-0-1\"  class=\"panel-grid-cell\"><div id=\"panel-22467-0-1-0\" class=\"so-panel widget widget_sow-editor panel-first-child panel-last-child\" data-index=\"1\"><div\n\t\t\t\n\t\t\tclass=\"so-widget-sow-editor so-widget-sow-editor-base\">\n<div class=\"siteorigin-widget-tinymce textwidget\">\n\t<p style=\"text-align: justify;\">Se invita a la comunidad universitaria a participar de la Defensa del Proyecto de Graduaci\u00f3n de la alumna <strong>Luciana Ghidara Salas<\/strong>, titulado: \u201c<strong>Dise\u00f1o de un plan gesti\u00f3n y contingencia tecnol\u00f3gica para laboratorios bioqu\u00edmicos de la Red de Laboratorios del Sistema Provincial de Salud de Tucum\u00e1n<\/strong>\u201d, para obtener el t\u00edtulo de grado de Ingeniera Biom\u00e9dica, FACET \u2013 UNT. <\/p><\/div><\/div><\/div><\/div><\/div><\/div><p><a class=\"more-link\" href=\"https:\/\/www.facet.unt.edu.ar\/facetinforma\/2021\/07\/02\/invitacion-a-la-defensa-de-proyecto-final-para-acceder-al-titulo-de-ingeniera-biomedica\/\">Leer m\u00e1s<span class=\"meta-nav\">&rarr;<\/span><\/a><\/p>","protected":false},"excerpt":{"rendered":"<p>Se invita a la comunidad universitaria a participar de la Defensa del Proyecto de Graduaci\u00f3n de la alumna Luciana Ghidara Salas, titulado: \u201cDise\u00f1o de un plan gesti\u00f3n y contingencia tecnol\u00f3gica para laboratorios bioqu\u00edmicos de la Red de Laboratorios del Sistema Provincial de Salud de Tucum\u00e1n\u201d, para obtener el t\u00edtulo de grado de Ingeniera Biom\u00e9dica, FACET [&hellip;]<\/p>\n","protected":false},"author":6,"featured_media":0,"comment_status":"closed","ping_status":"closed","sticky":false,"template":"","format":"standard","meta":[],"categories":[5],"tags":[],"_links":{"self":[{"href":"https:\/\/www.facet.unt.edu.ar\/facetinforma\/wp-json\/wp\/v2\/posts\/22467"}],"collection":[{"href":"https:\/\/www.facet.unt.edu.ar\/facetinforma\/wp-json\/wp\/v2\/posts"}],"about":[{"href":"https:\/\/www.facet.unt.edu.ar\/facetinforma\/wp-json\/wp\/v2\/types\/post"}],"author":[{"embeddable":true,"href":"https:\/\/www.facet.unt.edu.ar\/facetinforma\/wp-json\/wp\/v2\/users\/6"}],"replies":[{"embeddable":true,"href":"https:\/\/www.facet.unt.edu.ar\/facetinforma\/wp-json\/wp\/v2\/comments?post=22467"}],"version-history":[{"count":5,"href":"https:\/\/www.facet.unt.edu.ar\/facetinforma\/wp-json\/wp\/v2\/posts\/22467\/revisions"}],"predecessor-version":[{"id":22475,"href":"https:\/\/www.facet.unt.edu.ar\/facetinforma\/wp-json\/wp\/v2\/posts\/22467\/revisions\/22475"}],"wp:attachment":[{"href":"https:\/\/www.facet.unt.edu.ar\/facetinforma\/wp-json\/wp\/v2\/media?parent=22467"}],"wp:term":[{"taxonomy":"category","embeddable":true,"href":"https:\/\/www.facet.unt.edu.ar\/facetinforma\/wp-json\/wp\/v2\/categories?post=22467"},{"taxonomy":"post_tag","embeddable":true,"href":"https:\/\/www.facet.unt.edu.ar\/facetinforma\/wp-json\/wp\/v2\/tags?post=22467"}],"curies":[{"name":"wp","href":"https:\/\/api.w.org\/{rel}","templated":true}]}}