{"id":22482,"date":"2021-07-03T15:08:07","date_gmt":"2021-07-03T18:08:07","guid":{"rendered":"https:\/\/www.facet.unt.edu.ar\/facetinforma\/?p=22482"},"modified":"2021-07-03T02:23:22","modified_gmt":"2021-07-03T05:23:22","slug":"busqueda-de-pasantes-ministerio-educacion-subdireccion-informatica","status":"publish","type":"post","link":"https:\/\/www.facet.unt.edu.ar\/facetinforma\/2021\/07\/03\/busqueda-de-pasantes-ministerio-educacion-subdireccion-informatica\/","title":{"rendered":"B\u00fasqueda de Pasantes \u2013 Ministerio Educaci\u00f3n (Subdirecci\u00f3n Inform\u00e1tica)"},"content":{"rendered":"<div id=\"pl-22482\"  class=\"panel-layout\"><div id=\"pg-22482-0\"  class=\"panel-grid panel-no-style\"><div id=\"pgc-22482-0-0\"  class=\"panel-grid-cell\"><div id=\"panel-22482-0-0-0\" class=\"so-panel widget widget_black-studio-tinymce widget_black_studio_tinymce panel-first-child panel-last-child\" data-index=\"0\"><div class=\"textwidget\"><p><a href=\"https:\/\/www.facet.unt.edu.ar\/facetinforma\/wp-content\/uploads\/sites\/9\/2019\/09\/Pasant\u00edas.png\"><img class=\"aligncenter size-full wp-image-19422\" src=\"https:\/\/www.facet.unt.edu.ar\/facetinforma\/wp-content\/uploads\/sites\/9\/2019\/09\/Pasant\u00edas.png\" alt=\"\" width=\"940\" height=\"788\" \/><\/a><\/p>\n<\/div><\/div><\/div><div id=\"pgc-22482-0-1\"  class=\"panel-grid-cell\"><div id=\"panel-22482-0-1-0\" class=\"so-panel widget widget_sow-editor panel-first-child panel-last-child\" data-index=\"1\"><div\n\t\t\t\n\t\t\tclass=\"so-widget-sow-editor so-widget-sow-editor-base\">\n<div class=\"siteorigin-widget-tinymce textwidget\">\n\t<p style=\"text-align: justify;\">El Ministerio de Educaci\u00f3n de la Provincia de Tucum\u00e1n,\u00a0se encuentra en la b\u00fasqueda de\u00a03 (tres)\u00a0alumnos\/as de las carreras de Ingenier\u00eda en Computaci\u00f3n, Ingenier\u00eda en Inform\u00e1tica, Licenciatura en Inform\u00e1tica o Programador Universitario de la FACET, para realizar una pasant\u00eda en la Subdirecci\u00f3n de Inform\u00e1tica.<\/p><\/div><\/div><\/div><\/div><\/div><\/div><p><a class=\"more-link\" href=\"https:\/\/www.facet.unt.edu.ar\/facetinforma\/2021\/07\/03\/busqueda-de-pasantes-ministerio-educacion-subdireccion-informatica\/\">Leer m\u00e1s<span class=\"meta-nav\">&rarr;<\/span><\/a><\/p>","protected":false},"excerpt":{"rendered":"<p>El Ministerio de Educaci\u00f3n de la Provincia de Tucum\u00e1n,\u00a0se encuentra en la b\u00fasqueda de\u00a03 (tres)\u00a0alumnos\/as de las carreras de Ingenier\u00eda en Computaci\u00f3n, Ingenier\u00eda en Inform\u00e1tica, Licenciatura en Inform\u00e1tica o Programador Universitario de la FACET, para realizar una pasant\u00eda en la Subdirecci\u00f3n de Inform\u00e1tica. REQUISITO\/S Y CONOCIMIENTO\/S: Alumnos\/as regulares de las carreras de Ingenier\u00eda en Computaci\u00f3n, [&hellip;]<\/p>\n","protected":false},"author":6,"featured_media":0,"comment_status":"closed","ping_status":"closed","sticky":false,"template":"","format":"standard","meta":[],"categories":[5,6],"tags":[],"_links":{"self":[{"href":"https:\/\/www.facet.unt.edu.ar\/facetinforma\/wp-json\/wp\/v2\/posts\/22482"}],"collection":[{"href":"https:\/\/www.facet.unt.edu.ar\/facetinforma\/wp-json\/wp\/v2\/posts"}],"about":[{"href":"https:\/\/www.facet.unt.edu.ar\/facetinforma\/wp-json\/wp\/v2\/types\/post"}],"author":[{"embeddable":true,"href":"https:\/\/www.facet.unt.edu.ar\/facetinforma\/wp-json\/wp\/v2\/users\/6"}],"replies":[{"embeddable":true,"href":"https:\/\/www.facet.unt.edu.ar\/facetinforma\/wp-json\/wp\/v2\/comments?post=22482"}],"version-history":[{"count":4,"href":"https:\/\/www.facet.unt.edu.ar\/facetinforma\/wp-json\/wp\/v2\/posts\/22482\/revisions"}],"predecessor-version":[{"id":22487,"href":"https:\/\/www.facet.unt.edu.ar\/facetinforma\/wp-json\/wp\/v2\/posts\/22482\/revisions\/22487"}],"wp:attachment":[{"href":"https:\/\/www.facet.unt.edu.ar\/facetinforma\/wp-json\/wp\/v2\/media?parent=22482"}],"wp:term":[{"taxonomy":"category","embeddable":true,"href":"https:\/\/www.facet.unt.edu.ar\/facetinforma\/wp-json\/wp\/v2\/categories?post=22482"},{"taxonomy":"post_tag","embeddable":true,"href":"https:\/\/www.facet.unt.edu.ar\/facetinforma\/wp-json\/wp\/v2\/tags?post=22482"}],"curies":[{"name":"wp","href":"https:\/\/api.w.org\/{rel}","templated":true}]}}