{"id":2250,"date":"2012-11-09T10:55:46","date_gmt":"2012-11-09T10:55:46","guid":{"rendered":"http:\/\/www1.herrera.unt.edu.ar\/facetinforma\/?p=2250"},"modified":"2012-11-09T10:55:46","modified_gmt":"2012-11-09T10:55:46","slug":"busqueda-laboral-transener-2","status":"publish","type":"post","link":"https:\/\/www.facet.unt.edu.ar\/facetinforma\/2012\/11\/09\/busqueda-laboral-transener-2\/","title":{"rendered":"B\u00fasqueda Laboral TRANSENER"},"content":{"rendered":"<p style=\"text-align: justify\">TRANSENER incorporar\u00e1 Graduado\/a \u00f3 Alumno\/a Avanzado\/a pr\u00f3ximo a graduarse de las Carreras de Ingenier\u00eda El\u00e9ctrica \u00f3 Ingenier\u00eda Electr\u00f3nica.<\/p>\n<p style=\"text-align: justify\"><span style=\"text-decoration: underline\">TAREAS A REALIZAR:<\/span><br \/>\u00d8 Mantenimiento en las \u00c1reas de Comunicaciones, Control y Protecciones.<\/p>\n<p style=\"text-align: justify\"><span style=\"text-decoration: underline\">REQUISITOS:<\/span><br \/>\u00d8 Graduado\/a o Alumno\/a Avanzado\/a pr\u00f3ximo a graduarse de las Carreras de Ingenier\u00eda El\u00e9ctrica \u00f3 Ingenier\u00eda Electr\u00f3nica.<br \/> \u00d8 Buen Rendimiento Acad\u00e9mico.<br \/> \u00d8 Conocimiento de Protecciones, Automatismos, Sistemas SCADA, Programaci\u00f3n de PLCs.<br \/> \u00d8 Se valorar\u00e1 la Experiencia en \u00c1rea de Sistema de Potencia.<\/p>\n<p style=\"text-align: justify\">Los interesados deben enviar su CV hasta el <strong>Mi\u00e9rcoles 14 de Noviembre de 2012 <\/strong>a: <a href=\"mailto:sae.facet@gmail.com\" target=\"_blank\">sae.facet@gmail.com<\/a> destacando en el Asunto del mail la palabra: \u201cTRANSENER&#8221;.<\/p>\n<p style=\"text-align: justify\">Adjuntar el CV con el formato: DNI-NombreCompleto.doc \u00f3 DNI-NombreCompleto.pdf. Ejemplo: 12345678-MarianaGarcia.xls<\/p>\n<p style=\"text-align: justify\"><strong>IMPORTANTE<\/strong>: NO SE RECIBIR\u00c1N ARCHIVOS DE M\u00c1S DE 500 KB.<\/p>\n<p style=\"text-align: justify\">Atentamente,<\/p>\n<h6><span style=\"font-size: x-small;font-family: times new roman,times\">&#8212; <\/span><br \/><span style=\"font-size: x-small;font-family: times new roman,times\"> Ing. Marcelo Emilio Leiva<\/span><br \/><span style=\"font-size: x-small;font-family: times new roman,times\"> Coordinador de Becas y Pasant\u00edas<\/span><br \/><span style=\"font-size: x-small;font-family: times new roman,times\"> Secretar\u00eda de Bienestar Estudiantil<\/span><br \/><span style=\"font-size: x-small;font-family: times new roman,times\"> Facultad de Ciencias Exactas y Tecnolog\u00eda<\/span><br \/><span style=\"font-size: x-small;font-family: times new roman,times\"> Universidad Nacional de Tucum\u00e1n<\/span><\/h6>\n<p>PD: Se adjunta Aviso de la Convocatoria: <br \/>&#8211; <a href=\"https:\/\/www.facet.unt.edu.ar\/facetinforma\/wp-content\/uploads\/sites\/9\/2012\/11\/Aviso-Busqueda-Laboral-TRANSENER.pdf\" target=\"_blank\">Aviso &#8211; B\u00fasqueda Laboral &#8211; TRANSENER.pdf<\/a><\/p>\n","protected":false},"excerpt":{"rendered":"<p>TRANSENER incorporar\u00e1 Graduado\/a \u00f3 Alumno\/a Avanzado\/a pr\u00f3ximo a graduarse de las Carreras de Ingenier\u00eda El\u00e9ctrica \u00f3 Ingenier\u00eda Electr\u00f3nica. TAREAS A REALIZAR:\u00d8 Mantenimiento en las \u00c1reas de Comunicaciones, Control y Protecciones. REQUISITOS:\u00d8 Graduado\/a o Alumno\/a Avanzado\/a pr\u00f3ximo a graduarse de las Carreras de Ingenier\u00eda El\u00e9ctrica \u00f3 Ingenier\u00eda Electr\u00f3nica. \u00d8 Buen Rendimiento Acad\u00e9mico. \u00d8 Conocimiento de Protecciones, [&hellip;]<\/p>\n","protected":false},"author":6,"featured_media":0,"comment_status":"closed","ping_status":"open","sticky":false,"template":"","format":"standard","meta":[],"categories":[5,6],"tags":[],"_links":{"self":[{"href":"https:\/\/www.facet.unt.edu.ar\/facetinforma\/wp-json\/wp\/v2\/posts\/2250"}],"collection":[{"href":"https:\/\/www.facet.unt.edu.ar\/facetinforma\/wp-json\/wp\/v2\/posts"}],"about":[{"href":"https:\/\/www.facet.unt.edu.ar\/facetinforma\/wp-json\/wp\/v2\/types\/post"}],"author":[{"embeddable":true,"href":"https:\/\/www.facet.unt.edu.ar\/facetinforma\/wp-json\/wp\/v2\/users\/6"}],"replies":[{"embeddable":true,"href":"https:\/\/www.facet.unt.edu.ar\/facetinforma\/wp-json\/wp\/v2\/comments?post=2250"}],"version-history":[{"count":0,"href":"https:\/\/www.facet.unt.edu.ar\/facetinforma\/wp-json\/wp\/v2\/posts\/2250\/revisions"}],"wp:attachment":[{"href":"https:\/\/www.facet.unt.edu.ar\/facetinforma\/wp-json\/wp\/v2\/media?parent=2250"}],"wp:term":[{"taxonomy":"category","embeddable":true,"href":"https:\/\/www.facet.unt.edu.ar\/facetinforma\/wp-json\/wp\/v2\/categories?post=2250"},{"taxonomy":"post_tag","embeddable":true,"href":"https:\/\/www.facet.unt.edu.ar\/facetinforma\/wp-json\/wp\/v2\/tags?post=2250"}],"curies":[{"name":"wp","href":"https:\/\/api.w.org\/{rel}","templated":true}]}}