{"id":2268,"date":"2012-11-13T12:35:32","date_gmt":"2012-11-13T12:35:32","guid":{"rendered":"http:\/\/www1.herrera.unt.edu.ar\/facetinforma\/?p=2268"},"modified":"2012-11-13T12:35:32","modified_gmt":"2012-11-13T12:35:32","slug":"la-quinta-emprende","status":"publish","type":"post","link":"https:\/\/www.facet.unt.edu.ar\/facetinforma\/2012\/11\/13\/la-quinta-emprende\/","title":{"rendered":"La Quinta Emprende"},"content":{"rendered":"<p style=\"text-align: justify\">La Quinta Emprende se realizar\u00e1 el d\u00eda Jueves 15 de Noviembre de 14:00 a 20:00 horas, en la Facultad de Arquitectura y Urbanismo, Sala 2.<\/p>\n<p style=\"text-align: justify\">Inscripci\u00f3n en: <a href=\"http:\/\/www.face.unt.edu.ar\/iadmin\">www.face.unt.edu.ar\/iadmin<\/a><\/p>\n<p style=\"text-align: justify\"><strong>Objetivo General: <\/strong>El objetivo general del evento es fomentar las capacidades emprendedoras de los estudiantes de las diferentes carreras que integran el Consorcio de La Quinta.<\/p>\n<p style=\"text-align: justify\"><strong>Objetivos Espec\u00edficos: <\/strong>Como objetivos espec\u00edficos se incluyen:<\/p>\n<ul style=\"text-align: justify\">\n<li>Generar espacios acad\u00e9micos de aproximaci\u00f3n del consorcio al medio.<\/li>\n<li>Desarrollar habilidades de trabajo en equipos interdisciplinarios y aptitudes requeridas para el proceso de creaci\u00f3n de un emprendimiento.<\/li>\n<li>Compartir las experiencias de los emprendedores de las diferentes carreras que se dictan en el Consorcio de La Quinta<\/li>\n<li>Conocer\u00a0 y difundir las actividades de los emprendedores sociales.<\/li>\n<li>Proporcionar la formaci\u00f3n de educaci\u00f3n empresarial, que permita desarrollar integralmente y generar la visi\u00f3n de operar el propio negocio.<\/li>\n<li>Propiciar desde El consorcio El intercambio entre los distintos actores de la comunidad.<\/li>\n<\/ul>\n<p style=\"text-align: justify\">Se adjunta cronograma del evento: <br \/>&#8211; <a href=\"https:\/\/www.facet.unt.edu.ar\/facetinforma\/wp-content\/uploads\/sites\/9\/2012\/11\/Cronograma-QuintaEmprende.pdf\" target=\"_blank\">Cronograma.pdf<\/a><\/p>\n<p style=\"text-align: justify\"><a href=\"https:\/\/www.facet.unt.edu.ar\/facetinforma\/wp-content\/uploads\/sites\/9\/2012\/11\/La-Quinta-Emprende.jpg\"><img decoding=\"async\" loading=\"lazy\" class=\"aligncenter  wp-image-2269\" title=\"La Quinta Emprende\" src=\"https:\/\/www.facet.unt.edu.ar\/facetinforma\/wp-content\/uploads\/sites\/9\/2012\/11\/La-Quinta-Emprende.jpg\" alt=\"\" width=\"451\" height=\"225\" srcset=\"https:\/\/www.facet.unt.edu.ar\/facetinforma\/wp-content\/uploads\/sites\/9\/2012\/11\/La-Quinta-Emprende.jpg 601w, https:\/\/www.facet.unt.edu.ar\/facetinforma\/wp-content\/uploads\/sites\/9\/2012\/11\/La-Quinta-Emprende-300x149.jpg 300w\" sizes=\"(max-width: 451px) 100vw, 451px\" \/><\/a><\/p>\n","protected":false},"excerpt":{"rendered":"<p>La Quinta Emprende se realizar\u00e1 el d\u00eda Jueves 15 de Noviembre de 14:00 a 20:00 horas, en la Facultad de Arquitectura y Urbanismo, Sala 2. Inscripci\u00f3n en: www.face.unt.edu.ar\/iadmin Objetivo General: El objetivo general del evento es fomentar las capacidades emprendedoras de los estudiantes de las diferentes carreras que integran el Consorcio de La Quinta. Objetivos [&hellip;]<\/p>\n","protected":false},"author":6,"featured_media":0,"comment_status":"closed","ping_status":"open","sticky":false,"template":"","format":"standard","meta":[],"categories":[5],"tags":[],"_links":{"self":[{"href":"https:\/\/www.facet.unt.edu.ar\/facetinforma\/wp-json\/wp\/v2\/posts\/2268"}],"collection":[{"href":"https:\/\/www.facet.unt.edu.ar\/facetinforma\/wp-json\/wp\/v2\/posts"}],"about":[{"href":"https:\/\/www.facet.unt.edu.ar\/facetinforma\/wp-json\/wp\/v2\/types\/post"}],"author":[{"embeddable":true,"href":"https:\/\/www.facet.unt.edu.ar\/facetinforma\/wp-json\/wp\/v2\/users\/6"}],"replies":[{"embeddable":true,"href":"https:\/\/www.facet.unt.edu.ar\/facetinforma\/wp-json\/wp\/v2\/comments?post=2268"}],"version-history":[{"count":0,"href":"https:\/\/www.facet.unt.edu.ar\/facetinforma\/wp-json\/wp\/v2\/posts\/2268\/revisions"}],"wp:attachment":[{"href":"https:\/\/www.facet.unt.edu.ar\/facetinforma\/wp-json\/wp\/v2\/media?parent=2268"}],"wp:term":[{"taxonomy":"category","embeddable":true,"href":"https:\/\/www.facet.unt.edu.ar\/facetinforma\/wp-json\/wp\/v2\/categories?post=2268"},{"taxonomy":"post_tag","embeddable":true,"href":"https:\/\/www.facet.unt.edu.ar\/facetinforma\/wp-json\/wp\/v2\/tags?post=2268"}],"curies":[{"name":"wp","href":"https:\/\/api.w.org\/{rel}","templated":true}]}}