{"id":23032,"date":"2021-11-12T16:44:31","date_gmt":"2021-11-12T19:44:31","guid":{"rendered":"https:\/\/www.facet.unt.edu.ar\/facetinforma\/?p=23032"},"modified":"2021-11-12T17:16:15","modified_gmt":"2021-11-12T20:16:15","slug":"inscripciones-abiertas-para-la-nueva-cohorte-de-la-especializacion-en-medio-ambiente-visual-e-iluminacion-eficiente","status":"publish","type":"post","link":"https:\/\/www.facet.unt.edu.ar\/facetinforma\/2021\/11\/12\/inscripciones-abiertas-para-la-nueva-cohorte-de-la-especializacion-en-medio-ambiente-visual-e-iluminacion-eficiente\/","title":{"rendered":"Nueva cohorte de la Especializaci\u00f3n en Medio Ambiente Visual e Iluminaci\u00f3n Eficiente &#8211; Inscripciones abiertas"},"content":{"rendered":"<div id=\"pl-23032\"  class=\"panel-layout\"><div id=\"pg-23032-0\"  class=\"panel-grid panel-no-style\"><div id=\"pgc-23032-0-0\"  class=\"panel-grid-cell\"><div id=\"panel-23032-0-0-0\" class=\"so-panel widget widget_black-studio-tinymce widget_black_studio_tinymce panel-first-child panel-last-child\" data-index=\"0\"><div class=\"textwidget\"><p><a href=\"https:\/\/www.facet.unt.edu.ar\/facetinforma\/wp-content\/uploads\/sites\/9\/2021\/11\/incripcion-mavile-facet-unt.png\"><img class=\"aligncenter size-full wp-image-23033\" src=\"https:\/\/www.facet.unt.edu.ar\/facetinforma\/wp-content\/uploads\/sites\/9\/2021\/11\/incripcion-mavile-facet-unt.png\" alt=\"\" width=\"1300\" height=\"1300\" \/><\/a><\/p>\n<\/div><\/div><\/div><div id=\"pgc-23032-0-1\"  class=\"panel-grid-cell\"><div id=\"panel-23032-0-1-0\" class=\"so-panel widget widget_sow-editor panel-first-child panel-last-child\" data-index=\"1\"><div\n\t\t\t\n\t\t\tclass=\"so-widget-sow-editor so-widget-sow-editor-base\">\n<div class=\"siteorigin-widget-tinymce textwidget\">\n\t<p style=\"text-align: justify;\">La carrera de posgrado \u201cEspecializaci\u00f3n en Medio Ambiente Visual e Iluminaci\u00f3n Eficiente (MAVILE)\u201d del Dpto. de Luminotecnia, Luz y Visi\u00f3n de la FACET anuncia la apertura de su 12a versi\u00f3n en 2022.<\/p>\n<p style=\"text-align: justify;\">Con una duraci\u00f3n de 9 meses de dictado (Marzo a Diciembre) y clases virtuales sincr\u00f3nicas dos a tres veces por semana en horarios compatibles con actividades laborales, la misma contempla pr\u00e1cticas y laboratorios presenciales concentrados a mitad de a\u00f1o. <\/p><\/div><\/div><\/div><\/div><\/div><\/div><p><a class=\"more-link\" href=\"https:\/\/www.facet.unt.edu.ar\/facetinforma\/2021\/11\/12\/inscripciones-abiertas-para-la-nueva-cohorte-de-la-especializacion-en-medio-ambiente-visual-e-iluminacion-eficiente\/\">Leer m\u00e1s<span class=\"meta-nav\">&rarr;<\/span><\/a><\/p>","protected":false},"excerpt":{"rendered":"<p>La carrera de posgrado \u201cEspecializaci\u00f3n en Medio Ambiente Visual e Iluminaci\u00f3n Eficiente (MAVILE)\u201d del Dpto. de Luminotecnia, Luz y Visi\u00f3n de la FACET anuncia la apertura de su 12a versi\u00f3n en 2022.Con una duraci\u00f3n de 9 meses de dictado (Marzo a Diciembre) y clases virtuales sincr\u00f3nicas dos a tres veces por semana en horarios compatibles [&hellip;]<\/p>\n","protected":false},"author":6,"featured_media":23033,"comment_status":"closed","ping_status":"closed","sticky":false,"template":"","format":"standard","meta":[],"categories":[5,4],"tags":[],"_links":{"self":[{"href":"https:\/\/www.facet.unt.edu.ar\/facetinforma\/wp-json\/wp\/v2\/posts\/23032"}],"collection":[{"href":"https:\/\/www.facet.unt.edu.ar\/facetinforma\/wp-json\/wp\/v2\/posts"}],"about":[{"href":"https:\/\/www.facet.unt.edu.ar\/facetinforma\/wp-json\/wp\/v2\/types\/post"}],"author":[{"embeddable":true,"href":"https:\/\/www.facet.unt.edu.ar\/facetinforma\/wp-json\/wp\/v2\/users\/6"}],"replies":[{"embeddable":true,"href":"https:\/\/www.facet.unt.edu.ar\/facetinforma\/wp-json\/wp\/v2\/comments?post=23032"}],"version-history":[{"count":3,"href":"https:\/\/www.facet.unt.edu.ar\/facetinforma\/wp-json\/wp\/v2\/posts\/23032\/revisions"}],"predecessor-version":[{"id":23036,"href":"https:\/\/www.facet.unt.edu.ar\/facetinforma\/wp-json\/wp\/v2\/posts\/23032\/revisions\/23036"}],"wp:featuredmedia":[{"embeddable":true,"href":"https:\/\/www.facet.unt.edu.ar\/facetinforma\/wp-json\/wp\/v2\/media\/23033"}],"wp:attachment":[{"href":"https:\/\/www.facet.unt.edu.ar\/facetinforma\/wp-json\/wp\/v2\/media?parent=23032"}],"wp:term":[{"taxonomy":"category","embeddable":true,"href":"https:\/\/www.facet.unt.edu.ar\/facetinforma\/wp-json\/wp\/v2\/categories?post=23032"},{"taxonomy":"post_tag","embeddable":true,"href":"https:\/\/www.facet.unt.edu.ar\/facetinforma\/wp-json\/wp\/v2\/tags?post=23032"}],"curies":[{"name":"wp","href":"https:\/\/api.w.org\/{rel}","templated":true}]}}