{"id":23133,"date":"2021-12-03T10:44:10","date_gmt":"2021-12-03T13:44:10","guid":{"rendered":"https:\/\/www.facet.unt.edu.ar\/facetinforma\/?p=23133"},"modified":"2021-12-04T13:02:45","modified_gmt":"2021-12-04T16:02:45","slug":"facet-avanza-en-alianzas-estrategicas-para-concretar-proyectos-de-ciencia-e-innovacion","status":"publish","type":"post","link":"https:\/\/www.facet.unt.edu.ar\/facetinforma\/2021\/12\/03\/facet-avanza-en-alianzas-estrategicas-para-concretar-proyectos-de-ciencia-e-innovacion\/","title":{"rendered":"FACET avanza en alianzas estrat\u00e9gicas para concretar proyectos de ciencia e innovaci\u00f3n"},"content":{"rendered":"<div id=\"pl-23133\"  class=\"panel-layout\"><div id=\"pg-23133-0\"  class=\"panel-grid panel-no-style\"><div id=\"pgc-23133-0-0\"  class=\"panel-grid-cell\"><div id=\"panel-23133-0-0-0\" class=\"so-panel widget widget_sow-editor panel-first-child panel-last-child\" data-index=\"0\"><div\n\t\t\t\n\t\t\tclass=\"so-widget-sow-editor so-widget-sow-editor-base\">\n<div class=\"siteorigin-widget-tinymce textwidget\">\n\t<p style=\"text-align: justify;\">Las autoridades de nuestra facultad visitaron Buenos Aires, para reunirse con referentes de importantes sectores relacionados con la ciencia e innovaci\u00f3n nacional, para concretar proyectos de cooperaci\u00f3n.<\/p><\/div><\/div><\/div><\/div><\/div><\/div><p><a class=\"more-link\" href=\"https:\/\/www.facet.unt.edu.ar\/facetinforma\/2021\/12\/03\/facet-avanza-en-alianzas-estrategicas-para-concretar-proyectos-de-ciencia-e-innovacion\/\">Leer m\u00e1s<span class=\"meta-nav\">&rarr;<\/span><\/a><\/p>","protected":false},"excerpt":{"rendered":"<p>Las autoridades de nuestra facultad visitaron Buenos Aires, para reunirse con referentes de importantes sectores relacionados con la ciencia e innovaci\u00f3n nacional, para concretar proyectos de cooperaci\u00f3n. En este viaje la agenda del decano, Dr. Miguel \u00c1ngel Cabrera y del vicedecano, Mg. Eduardo Martel fue la siguiente: Reuni\u00f3n en el Ministerio de Defensa Reuni\u00f3n en [&hellip;]<\/p>\n","protected":false},"author":6,"featured_media":23158,"comment_status":"closed","ping_status":"closed","sticky":false,"template":"","format":"standard","meta":[],"categories":[5],"tags":[],"_links":{"self":[{"href":"https:\/\/www.facet.unt.edu.ar\/facetinforma\/wp-json\/wp\/v2\/posts\/23133"}],"collection":[{"href":"https:\/\/www.facet.unt.edu.ar\/facetinforma\/wp-json\/wp\/v2\/posts"}],"about":[{"href":"https:\/\/www.facet.unt.edu.ar\/facetinforma\/wp-json\/wp\/v2\/types\/post"}],"author":[{"embeddable":true,"href":"https:\/\/www.facet.unt.edu.ar\/facetinforma\/wp-json\/wp\/v2\/users\/6"}],"replies":[{"embeddable":true,"href":"https:\/\/www.facet.unt.edu.ar\/facetinforma\/wp-json\/wp\/v2\/comments?post=23133"}],"version-history":[{"count":9,"href":"https:\/\/www.facet.unt.edu.ar\/facetinforma\/wp-json\/wp\/v2\/posts\/23133\/revisions"}],"predecessor-version":[{"id":23139,"href":"https:\/\/www.facet.unt.edu.ar\/facetinforma\/wp-json\/wp\/v2\/posts\/23133\/revisions\/23139"}],"wp:featuredmedia":[{"embeddable":true,"href":"https:\/\/www.facet.unt.edu.ar\/facetinforma\/wp-json\/wp\/v2\/media\/23158"}],"wp:attachment":[{"href":"https:\/\/www.facet.unt.edu.ar\/facetinforma\/wp-json\/wp\/v2\/media?parent=23133"}],"wp:term":[{"taxonomy":"category","embeddable":true,"href":"https:\/\/www.facet.unt.edu.ar\/facetinforma\/wp-json\/wp\/v2\/categories?post=23133"},{"taxonomy":"post_tag","embeddable":true,"href":"https:\/\/www.facet.unt.edu.ar\/facetinforma\/wp-json\/wp\/v2\/tags?post=23133"}],"curies":[{"name":"wp","href":"https:\/\/api.w.org\/{rel}","templated":true}]}}