{"id":23147,"date":"2021-12-03T11:39:25","date_gmt":"2021-12-03T14:39:25","guid":{"rendered":"https:\/\/www.facet.unt.edu.ar\/facetinforma\/?p=23147"},"modified":"2021-12-03T22:58:36","modified_gmt":"2021-12-04T01:58:36","slug":"el-grupo-cyklos-capacita-a-magistrados-y-funcionarios-del-poder-judicial-de-tucuman-en-tematicas-ambientales","status":"publish","type":"post","link":"https:\/\/www.facet.unt.edu.ar\/facetinforma\/2021\/12\/03\/el-grupo-cyklos-capacita-a-magistrados-y-funcionarios-del-poder-judicial-de-tucuman-en-tematicas-ambientales\/","title":{"rendered":"El Grupo Cyklos capacita a magistrados y funcionarios del Poder Judicial de Tucum\u00e1n en tem\u00e1ticas ambientales"},"content":{"rendered":"<div id=\"pl-23147\"  class=\"panel-layout\"><div id=\"pg-23147-0\"  class=\"panel-grid panel-no-style\"><div id=\"pgc-23147-0-0\"  class=\"panel-grid-cell\"><div id=\"panel-23147-0-0-0\" class=\"so-panel widget widget_black-studio-tinymce widget_black_studio_tinymce panel-first-child panel-last-child\" data-index=\"0\"><div class=\"textwidget\"><p><a href=\"https:\/\/www.facet.unt.edu.ar\/facetinforma\/wp-content\/uploads\/sites\/9\/2021\/12\/CYCLOS.jpeg\"><img class=\"aligncenter size-full wp-image-23151\" src=\"https:\/\/www.facet.unt.edu.ar\/facetinforma\/wp-content\/uploads\/sites\/9\/2021\/12\/CYCLOS.jpeg\" alt=\"\" width=\"940\" height=\"788\" \/><\/a><\/p>\n<\/div><\/div><\/div><div id=\"pgc-23147-0-1\"  class=\"panel-grid-cell\"><div id=\"panel-23147-0-1-0\" class=\"so-panel widget widget_sow-editor panel-first-child panel-last-child\" data-index=\"1\"><div\n\t\t\t\n\t\t\tclass=\"so-widget-sow-editor so-widget-sow-editor-base\">\n<div class=\"siteorigin-widget-tinymce textwidget\">\n\t<p style=\"text-align: justify;\">Este a\u00f1o se firm\u00f3 un convenio marco entre la FACET, a trav\u00e9s del grupo Cyklos y el Poder Judicial de Tucum\u00e1n para brindar asesoramiento en temas ambientales y puntualmente capacitar sobre la Ley Yolanda.<\/p>\n<p style=\"text-align: justify;\">El grupo Clyklos est\u00e1 constituido por docentes e investigadores del Departamento de Ingenier\u00eda de Procesos y Gesti\u00f3n Industrial (DIPyGI), de la FACET - UNT, bajo la direcci\u00f3n del Dr. Fernando Mele. El objetivo principal de la agrupaci\u00f3n es abordar por diferentes l\u00edneas de investigaci\u00f3n interrelacionadas, las tem\u00e1ticas abocadas al desarrollo sostenible.<\/p><\/div><\/div><\/div><\/div><\/div><\/div><p><a class=\"more-link\" href=\"https:\/\/www.facet.unt.edu.ar\/facetinforma\/2021\/12\/03\/el-grupo-cyklos-capacita-a-magistrados-y-funcionarios-del-poder-judicial-de-tucuman-en-tematicas-ambientales\/\">Leer m\u00e1s<span class=\"meta-nav\">&rarr;<\/span><\/a><\/p>","protected":false},"excerpt":{"rendered":"<p>Este a\u00f1o se firm\u00f3 un convenio marco entre la FACET, a trav\u00e9s del grupo Cyklos y el Poder Judicial de Tucum\u00e1n para brindar asesoramiento en temas ambientales y puntualmente capacitar sobre la Ley Yolanda. El grupo Clyklos est\u00e1 constituido por docentes e investigadores del Departamento de Ingenier\u00eda de Procesos y Gesti\u00f3n Industrial (DIPyGI), de la [&hellip;]<\/p>\n","protected":false},"author":6,"featured_media":23156,"comment_status":"closed","ping_status":"closed","sticky":false,"template":"","format":"standard","meta":[],"categories":[5,10],"tags":[],"_links":{"self":[{"href":"https:\/\/www.facet.unt.edu.ar\/facetinforma\/wp-json\/wp\/v2\/posts\/23147"}],"collection":[{"href":"https:\/\/www.facet.unt.edu.ar\/facetinforma\/wp-json\/wp\/v2\/posts"}],"about":[{"href":"https:\/\/www.facet.unt.edu.ar\/facetinforma\/wp-json\/wp\/v2\/types\/post"}],"author":[{"embeddable":true,"href":"https:\/\/www.facet.unt.edu.ar\/facetinforma\/wp-json\/wp\/v2\/users\/6"}],"replies":[{"embeddable":true,"href":"https:\/\/www.facet.unt.edu.ar\/facetinforma\/wp-json\/wp\/v2\/comments?post=23147"}],"version-history":[{"count":8,"href":"https:\/\/www.facet.unt.edu.ar\/facetinforma\/wp-json\/wp\/v2\/posts\/23147\/revisions"}],"predecessor-version":[{"id":23150,"href":"https:\/\/www.facet.unt.edu.ar\/facetinforma\/wp-json\/wp\/v2\/posts\/23147\/revisions\/23150"}],"wp:featuredmedia":[{"embeddable":true,"href":"https:\/\/www.facet.unt.edu.ar\/facetinforma\/wp-json\/wp\/v2\/media\/23156"}],"wp:attachment":[{"href":"https:\/\/www.facet.unt.edu.ar\/facetinforma\/wp-json\/wp\/v2\/media?parent=23147"}],"wp:term":[{"taxonomy":"category","embeddable":true,"href":"https:\/\/www.facet.unt.edu.ar\/facetinforma\/wp-json\/wp\/v2\/categories?post=23147"},{"taxonomy":"post_tag","embeddable":true,"href":"https:\/\/www.facet.unt.edu.ar\/facetinforma\/wp-json\/wp\/v2\/tags?post=23147"}],"curies":[{"name":"wp","href":"https:\/\/api.w.org\/{rel}","templated":true}]}}