{"id":23208,"date":"2021-12-13T11:32:05","date_gmt":"2021-12-13T14:32:05","guid":{"rendered":"https:\/\/www.facet.unt.edu.ar\/facetinforma\/?p=23208"},"modified":"2021-12-13T12:43:30","modified_gmt":"2021-12-13T15:43:30","slug":"desde-el-9-de-diciembre-el-laboratorio-docente-de-electronica-paso-a-llamarse-ing-roque-j-lopez-de-zavalia","status":"publish","type":"post","link":"https:\/\/www.facet.unt.edu.ar\/facetinforma\/2021\/12\/13\/desde-el-9-de-diciembre-el-laboratorio-docente-de-electronica-paso-a-llamarse-ing-roque-j-lopez-de-zavalia\/","title":{"rendered":"El Laboratorio Docente de Electr\u00f3nica pas\u00f3 a llamarse &#8220;Ing. Roque J. L\u00f3pez de Zaval\u00eda&#8221;"},"content":{"rendered":"<div id=\"pl-23208\"  class=\"panel-layout\"><div id=\"pg-23208-0\"  class=\"panel-grid panel-no-style\"><div id=\"pgc-23208-0-0\"  class=\"panel-grid-cell\"><div id=\"panel-23208-0-0-0\" class=\"so-panel widget widget_black-studio-tinymce widget_black_studio_tinymce panel-first-child panel-last-child\" data-index=\"0\"><div class=\"textwidget\"><p><a href=\"https:\/\/www.facet.unt.edu.ar\/facetinforma\/wp-content\/uploads\/sites\/9\/2021\/12\/acto-homenaje-Zavalia.png\"><img class=\"aligncenter size-full wp-image-23209\" src=\"https:\/\/www.facet.unt.edu.ar\/facetinforma\/wp-content\/uploads\/sites\/9\/2021\/12\/acto-homenaje-Zavalia.png\" alt=\"\" width=\"1300\" height=\"1300\" \/><\/a><\/p>\n<\/div><\/div><\/div><div id=\"pgc-23208-0-1\"  class=\"panel-grid-cell\"><div id=\"panel-23208-0-1-0\" class=\"so-panel widget widget_sow-editor panel-first-child panel-last-child\" data-index=\"1\"><div\n\t\t\t\n\t\t\tclass=\"so-widget-sow-editor so-widget-sow-editor-base\">\n<div class=\"siteorigin-widget-tinymce textwidget\">\n\t<p style=\"text-align: justify;\">El acto homenaje al Ing. Roque J. L\u00f3pez de Zaval\u00eda, quien fue destacado docente-investigador de esta Unidad Acad\u00e9mica, se llev\u00f3 a cabo el pasado 9 de diciembre en instalaciones de la FACET y estuvo encabezado por el Se\u00f1or Decano de la FACET, Dr. Ing. Miguel Cabrera, acompa\u00f1ado por autoridades de la UNT y de la FACET, docentes y ex docentes del DEEC (FACET), familiares y p\u00fablico en general. <\/p><\/div><\/div><\/div><\/div><\/div><\/div><p><a class=\"more-link\" href=\"https:\/\/www.facet.unt.edu.ar\/facetinforma\/2021\/12\/13\/desde-el-9-de-diciembre-el-laboratorio-docente-de-electronica-paso-a-llamarse-ing-roque-j-lopez-de-zavalia\/\">Leer m\u00e1s<span class=\"meta-nav\">&rarr;<\/span><\/a><\/p>","protected":false},"excerpt":{"rendered":"<p>El acto homenaje al Ing. Roque J. L\u00f3pez de Zaval\u00eda, quien fue destacado docente-investigador de esta Unidad Acad\u00e9mica, se llev\u00f3 a cabo el pasado 9 de diciembre en instalaciones de la FACET y estuvo encabezado por el Se\u00f1or Decano de la FACET, Dr. Ing. Miguel Cabrera, acompa\u00f1ado por autoridades de la UNT y de la [&hellip;]<\/p>\n","protected":false},"author":6,"featured_media":23209,"comment_status":"closed","ping_status":"closed","sticky":false,"template":"","format":"standard","meta":[],"categories":[5,10],"tags":[],"_links":{"self":[{"href":"https:\/\/www.facet.unt.edu.ar\/facetinforma\/wp-json\/wp\/v2\/posts\/23208"}],"collection":[{"href":"https:\/\/www.facet.unt.edu.ar\/facetinforma\/wp-json\/wp\/v2\/posts"}],"about":[{"href":"https:\/\/www.facet.unt.edu.ar\/facetinforma\/wp-json\/wp\/v2\/types\/post"}],"author":[{"embeddable":true,"href":"https:\/\/www.facet.unt.edu.ar\/facetinforma\/wp-json\/wp\/v2\/users\/6"}],"replies":[{"embeddable":true,"href":"https:\/\/www.facet.unt.edu.ar\/facetinforma\/wp-json\/wp\/v2\/comments?post=23208"}],"version-history":[{"count":5,"href":"https:\/\/www.facet.unt.edu.ar\/facetinforma\/wp-json\/wp\/v2\/posts\/23208\/revisions"}],"predecessor-version":[{"id":23214,"href":"https:\/\/www.facet.unt.edu.ar\/facetinforma\/wp-json\/wp\/v2\/posts\/23208\/revisions\/23214"}],"wp:featuredmedia":[{"embeddable":true,"href":"https:\/\/www.facet.unt.edu.ar\/facetinforma\/wp-json\/wp\/v2\/media\/23209"}],"wp:attachment":[{"href":"https:\/\/www.facet.unt.edu.ar\/facetinforma\/wp-json\/wp\/v2\/media?parent=23208"}],"wp:term":[{"taxonomy":"category","embeddable":true,"href":"https:\/\/www.facet.unt.edu.ar\/facetinforma\/wp-json\/wp\/v2\/categories?post=23208"},{"taxonomy":"post_tag","embeddable":true,"href":"https:\/\/www.facet.unt.edu.ar\/facetinforma\/wp-json\/wp\/v2\/tags?post=23208"}],"curies":[{"name":"wp","href":"https:\/\/api.w.org\/{rel}","templated":true}]}}