{"id":23248,"date":"2022-02-22T17:34:54","date_gmt":"2022-02-22T20:34:54","guid":{"rendered":"https:\/\/www.facet.unt.edu.ar\/facetinforma\/?p=23248"},"modified":"2022-02-24T00:08:39","modified_gmt":"2022-02-24T03:08:39","slug":"especializacion-en-integracion-de-tecnologias-informaticas-cohorte-2022-inscripciones-abiertas","status":"publish","type":"post","link":"https:\/\/www.facet.unt.edu.ar\/facetinforma\/2022\/02\/22\/especializacion-en-integracion-de-tecnologias-informaticas-cohorte-2022-inscripciones-abiertas\/","title":{"rendered":"Especializaci\u00f3n en Integraci\u00f3n de Tecnolog\u00edas Inform\u00e1ticas cohorte 2022 &#8211; Inscripciones abiertas"},"content":{"rendered":"<div id=\"pl-23248\"  class=\"panel-layout\"><div id=\"pg-23248-0\"  class=\"panel-grid panel-no-style\"><div id=\"pgc-23248-0-0\"  class=\"panel-grid-cell\"><div id=\"panel-23248-0-0-0\" class=\"so-panel widget widget_black-studio-tinymce widget_black_studio_tinymce panel-first-child panel-last-child\" data-index=\"0\"><div class=\"textwidget\"><p><a href=\"https:\/\/www.facet.unt.edu.ar\/facetinforma\/wp-content\/uploads\/sites\/9\/2022\/02\/EITI-NUEVA-COHORTE-2022.jpg\"><img class=\"aligncenter size-full wp-image-23249\" src=\"https:\/\/www.facet.unt.edu.ar\/facetinforma\/wp-content\/uploads\/sites\/9\/2022\/02\/EITI-NUEVA-COHORTE-2022.jpg\" alt=\"\" width=\"1080\" height=\"1080\" \/><\/a><\/p>\n<\/div><\/div><\/div><div id=\"pgc-23248-0-1\"  class=\"panel-grid-cell\"><div id=\"panel-23248-0-1-0\" class=\"so-panel widget widget_sow-editor panel-first-child panel-last-child\" data-index=\"1\"><div\n\t\t\t\n\t\t\tclass=\"so-widget-sow-editor so-widget-sow-editor-base\">\n<div class=\"siteorigin-widget-tinymce textwidget\">\n\t<p style=\"text-align: justify;\">Se\u00a0<span class=\"il\">informa<\/span>\u00a0a los interesados que se encuentra abierta la inscripci\u00f3n para la cohorte 2022 de la carrera de posgrado\u00a0<b>\"Especializaci\u00f3n en Integraci\u00f3n de Tecnolog\u00edas Inform\u00e1ticas\" (EITI)<\/b>, cuyo comienzo ser\u00e1 en marzo de 2022.<\/p>\n<p style=\"text-align: justify;\">Inscripciones en:\u00a0<span style=\"color: #0000ff;\"><a href=\"https:\/\/forms.gle\/b2AjQpAu7mAyhWE46\" target=\"_blank\" rel=\"noopener\" data-saferedirecturl=\"https:\/\/www.google.com\/url?q=https:\/\/forms.gle\/b2AjQpAu7mAyhWE46&amp;source=gmail&amp;ust=1645732079191000&amp;usg=AOvVaw1cp6tfPpCg59n9wTHo1rVo\">https:\/\/forms.gle\/<wbr \/>b2AjQpAu7mAyhWE46<\/a>.<\/span><\/p><\/div><\/div><\/div><\/div><\/div><\/div><p><a class=\"more-link\" href=\"https:\/\/www.facet.unt.edu.ar\/facetinforma\/2022\/02\/22\/especializacion-en-integracion-de-tecnologias-informaticas-cohorte-2022-inscripciones-abiertas\/\">Leer m\u00e1s<span class=\"meta-nav\">&rarr;<\/span><\/a><\/p>","protected":false},"excerpt":{"rendered":"<p>Se\u00a0informa\u00a0a los interesados que se encuentra abierta la inscripci\u00f3n para la cohorte 2022 de la carrera de posgrado\u00a0&#8220;Especializaci\u00f3n en Integraci\u00f3n de Tecnolog\u00edas Inform\u00e1ticas&#8221; (EITI), cuyo comienzo ser\u00e1 en marzo de 2022. Inscripciones en:\u00a0https:\/\/forms.gle\/b2AjQpAu7mAyhWE46. Reuni\u00f3n informativa: 9 de marzo &#8211; 18:30 hs, Laboratorio de Redes de Computadoras (Block 1 &#8211; 3\u00ba piso). Importante: Docentes de la [&hellip;]<\/p>\n","protected":false},"author":6,"featured_media":23249,"comment_status":"closed","ping_status":"closed","sticky":false,"template":"","format":"standard","meta":[],"categories":[5,4],"tags":[],"_links":{"self":[{"href":"https:\/\/www.facet.unt.edu.ar\/facetinforma\/wp-json\/wp\/v2\/posts\/23248"}],"collection":[{"href":"https:\/\/www.facet.unt.edu.ar\/facetinforma\/wp-json\/wp\/v2\/posts"}],"about":[{"href":"https:\/\/www.facet.unt.edu.ar\/facetinforma\/wp-json\/wp\/v2\/types\/post"}],"author":[{"embeddable":true,"href":"https:\/\/www.facet.unt.edu.ar\/facetinforma\/wp-json\/wp\/v2\/users\/6"}],"replies":[{"embeddable":true,"href":"https:\/\/www.facet.unt.edu.ar\/facetinforma\/wp-json\/wp\/v2\/comments?post=23248"}],"version-history":[{"count":6,"href":"https:\/\/www.facet.unt.edu.ar\/facetinforma\/wp-json\/wp\/v2\/posts\/23248\/revisions"}],"predecessor-version":[{"id":23255,"href":"https:\/\/www.facet.unt.edu.ar\/facetinforma\/wp-json\/wp\/v2\/posts\/23248\/revisions\/23255"}],"wp:featuredmedia":[{"embeddable":true,"href":"https:\/\/www.facet.unt.edu.ar\/facetinforma\/wp-json\/wp\/v2\/media\/23249"}],"wp:attachment":[{"href":"https:\/\/www.facet.unt.edu.ar\/facetinforma\/wp-json\/wp\/v2\/media?parent=23248"}],"wp:term":[{"taxonomy":"category","embeddable":true,"href":"https:\/\/www.facet.unt.edu.ar\/facetinforma\/wp-json\/wp\/v2\/categories?post=23248"},{"taxonomy":"post_tag","embeddable":true,"href":"https:\/\/www.facet.unt.edu.ar\/facetinforma\/wp-json\/wp\/v2\/tags?post=23248"}],"curies":[{"name":"wp","href":"https:\/\/api.w.org\/{rel}","templated":true}]}}