{"id":23260,"date":"2022-03-02T10:59:30","date_gmt":"2022-03-02T13:59:30","guid":{"rendered":"https:\/\/www.facet.unt.edu.ar\/facetinforma\/?p=23260"},"modified":"2022-03-02T10:59:31","modified_gmt":"2022-03-02T13:59:31","slug":"la-facet-fue-sede-del-xiii-encuentro-del-latin-americano-giant-observatory-lago","status":"publish","type":"post","link":"https:\/\/www.facet.unt.edu.ar\/facetinforma\/2022\/03\/02\/la-facet-fue-sede-del-xiii-encuentro-del-latin-americano-giant-observatory-lago\/","title":{"rendered":"La FACET fue sede del XIII Encuentro del Latin Americano Giant Observatory (LAGO)"},"content":{"rendered":"<div id=\"pl-23260\"  class=\"panel-layout\"><div id=\"pg-23260-0\"  class=\"panel-grid panel-no-style\"><div id=\"pgc-23260-0-0\"  class=\"panel-grid-cell\"><div id=\"panel-23260-0-0-0\" class=\"so-panel widget widget_black-studio-tinymce widget_black_studio_tinymce panel-first-child panel-last-child\" data-index=\"0\"><div class=\"textwidget\"><p><a href=\"https:\/\/www.facet.unt.edu.ar\/facetinforma\/wp-content\/uploads\/sites\/9\/2022\/03\/lago-final.png\"><img class=\"aligncenter size-full wp-image-23261\" src=\"https:\/\/www.facet.unt.edu.ar\/facetinforma\/wp-content\/uploads\/sites\/9\/2022\/03\/lago-final.png\" alt=\"\" width=\"1080\" height=\"1080\" \/><\/a><\/p>\n<\/div><\/div><\/div><div id=\"pgc-23260-0-1\"  class=\"panel-grid-cell\"><div id=\"panel-23260-0-1-0\" class=\"so-panel widget widget_sow-editor panel-first-child panel-last-child\" data-index=\"1\"><div\n\t\t\t\n\t\t\tclass=\"so-widget-sow-editor so-widget-sow-editor-base\">\n<div class=\"siteorigin-widget-tinymce textwidget\">\n\t<p style=\"text-align: justify;\">Estas jornadas fueron organizadas por el <strong>Tucum\u00e1n Space Weatther Center,<\/strong> integrado por el <strong>Laboratorio de Computaci\u00f3n Cient\u00edfica <\/strong>y el<strong> Laboratorio de Telecomunicaciones de la FACET<\/strong>, y es el primer workshop en modalidad h\u00edbrida del a\u00f1o.<\/p><\/div><\/div><\/div><\/div><\/div><\/div><p><a class=\"more-link\" href=\"https:\/\/www.facet.unt.edu.ar\/facetinforma\/2022\/03\/02\/la-facet-fue-sede-del-xiii-encuentro-del-latin-americano-giant-observatory-lago\/\">Leer m\u00e1s<span class=\"meta-nav\">&rarr;<\/span><\/a><\/p>","protected":false},"excerpt":{"rendered":"<p>Estas jornadas fueron organizadas por el Tucum\u00e1n Space Weatther Center, integrado por el Laboratorio de Computaci\u00f3n Cient\u00edfica y el Laboratorio de Telecomunicaciones de la FACET, y es el primer workshop en modalidad h\u00edbrida del a\u00f1o.&#8221;LAGO es un observatorio extendido para el estudio y detecci\u00f3n de astropart\u00edculas mediante detectores Cherenkov instalados en 11 pa\u00edses de Latinoam\u00e9rica. [&hellip;]<\/p>\n","protected":false},"author":6,"featured_media":23261,"comment_status":"closed","ping_status":"closed","sticky":false,"template":"","format":"standard","meta":[],"categories":[5,10],"tags":[],"_links":{"self":[{"href":"https:\/\/www.facet.unt.edu.ar\/facetinforma\/wp-json\/wp\/v2\/posts\/23260"}],"collection":[{"href":"https:\/\/www.facet.unt.edu.ar\/facetinforma\/wp-json\/wp\/v2\/posts"}],"about":[{"href":"https:\/\/www.facet.unt.edu.ar\/facetinforma\/wp-json\/wp\/v2\/types\/post"}],"author":[{"embeddable":true,"href":"https:\/\/www.facet.unt.edu.ar\/facetinforma\/wp-json\/wp\/v2\/users\/6"}],"replies":[{"embeddable":true,"href":"https:\/\/www.facet.unt.edu.ar\/facetinforma\/wp-json\/wp\/v2\/comments?post=23260"}],"version-history":[{"count":2,"href":"https:\/\/www.facet.unt.edu.ar\/facetinforma\/wp-json\/wp\/v2\/posts\/23260\/revisions"}],"predecessor-version":[{"id":23263,"href":"https:\/\/www.facet.unt.edu.ar\/facetinforma\/wp-json\/wp\/v2\/posts\/23260\/revisions\/23263"}],"wp:featuredmedia":[{"embeddable":true,"href":"https:\/\/www.facet.unt.edu.ar\/facetinforma\/wp-json\/wp\/v2\/media\/23261"}],"wp:attachment":[{"href":"https:\/\/www.facet.unt.edu.ar\/facetinforma\/wp-json\/wp\/v2\/media?parent=23260"}],"wp:term":[{"taxonomy":"category","embeddable":true,"href":"https:\/\/www.facet.unt.edu.ar\/facetinforma\/wp-json\/wp\/v2\/categories?post=23260"},{"taxonomy":"post_tag","embeddable":true,"href":"https:\/\/www.facet.unt.edu.ar\/facetinforma\/wp-json\/wp\/v2\/tags?post=23260"}],"curies":[{"name":"wp","href":"https:\/\/api.w.org\/{rel}","templated":true}]}}