{"id":23310,"date":"2022-03-22T10:53:11","date_gmt":"2022-03-22T13:53:11","guid":{"rendered":"https:\/\/www.facet.unt.edu.ar\/facetinforma\/?p=23310"},"modified":"2022-03-22T10:57:27","modified_gmt":"2022-03-22T13:57:27","slug":"convocatoria-2022-becas-del-programa-de-cooperacion-internacional-en-formacion-academica-isap-para-estudiar-en-biberach-alemania","status":"publish","type":"post","link":"https:\/\/www.facet.unt.edu.ar\/facetinforma\/2022\/03\/22\/convocatoria-2022-becas-del-programa-de-cooperacion-internacional-en-formacion-academica-isap-para-estudiar-en-biberach-alemania\/","title":{"rendered":"Convocatoria 2022 | Becas del Programa de Cooperaci\u00f3n Internacional en Formaci\u00f3n Acad\u00e9mica (ISAP), para estudiar en Biberach (Alemania)"},"content":{"rendered":"<div id=\"pl-23310\"  class=\"panel-layout\"><div id=\"pg-23310-0\"  class=\"panel-grid panel-no-style\"><div id=\"pgc-23310-0-0\"  class=\"panel-grid-cell\"><div id=\"panel-23310-0-0-0\" class=\"so-panel widget widget_sow-image panel-first-child panel-last-child\" data-index=\"0\"><div\n\t\t\t\n\t\t\tclass=\"so-widget-sow-image so-widget-sow-image-default-d6014b76747a-23310\">\n\n<div class=\"sow-image-container\">\n\t\t<img src=\"https:\/\/www.facet.unt.edu.ar\/facetinforma\/wp-content\/uploads\/sites\/9\/2022\/03\/2022-03-16-charla-curso-frances-relaciones-internacionales-1.png\" width=\"1080\" height=\"1080\" sizes=\"(max-width: 1080px) 100vw, 1080px\" title=\"2022-03-16 &#8211; charla- curso frances &#8211; relaciones internacionales (1)\" alt=\"\" loading=\"lazy\" \t\tclass=\"so-widget-image\"\/>\n\t<\/div>\n\n<\/div><\/div><\/div><div id=\"pgc-23310-0-1\"  class=\"panel-grid-cell\"><div id=\"panel-23310-0-1-0\" class=\"so-panel widget widget_sow-editor panel-first-child panel-last-child\" data-index=\"1\"><div\n\t\t\t\n\t\t\tclass=\"so-widget-sow-editor so-widget-sow-editor-base\">\n<div class=\"siteorigin-widget-tinymce textwidget\">\n\t<p>El \u00c1rea de Relaciones Internacionales de la FACET informa que se encuentra abierta la Convocatoria 2022 a la postulaci\u00f3n de tres (3) estudiantes para la obtenci\u00f3n de tres (3) Becas del Programa de Cooperaci\u00f3n Internacional en Formaci\u00f3n Acad\u00e9mica (ISAP), para realizar estudios en la Universidad de Ciencias Aplicadas de Biberach, Alemania, entre septiembre de 2022 y agosto de 2023 (dos semestres).<\/p>\n<p><\/p><\/div><\/div><\/div><\/div><\/div><\/div><p><a class=\"more-link\" href=\"https:\/\/www.facet.unt.edu.ar\/facetinforma\/2022\/03\/22\/convocatoria-2022-becas-del-programa-de-cooperacion-internacional-en-formacion-academica-isap-para-estudiar-en-biberach-alemania\/\">Leer m\u00e1s<span class=\"meta-nav\">&rarr;<\/span><\/a><\/p>","protected":false},"excerpt":{"rendered":"<p>El \u00c1rea de Relaciones Internacionales de la FACET informa que se encuentra abierta la Convocatoria 2022 a la postulaci\u00f3n de tres (3) estudiantes para la obtenci\u00f3n de tres (3) Becas del Programa de Cooperaci\u00f3n Internacional en Formaci\u00f3n Acad\u00e9mica (ISAP), para realizar estudios en la Universidad de Ciencias Aplicadas de Biberach, Alemania, entre septiembre de 2022 [&hellip;]<\/p>\n","protected":false},"author":123473,"featured_media":23313,"comment_status":"closed","ping_status":"closed","sticky":false,"template":"","format":"standard","meta":[],"categories":[25],"tags":[],"_links":{"self":[{"href":"https:\/\/www.facet.unt.edu.ar\/facetinforma\/wp-json\/wp\/v2\/posts\/23310"}],"collection":[{"href":"https:\/\/www.facet.unt.edu.ar\/facetinforma\/wp-json\/wp\/v2\/posts"}],"about":[{"href":"https:\/\/www.facet.unt.edu.ar\/facetinforma\/wp-json\/wp\/v2\/types\/post"}],"author":[{"embeddable":true,"href":"https:\/\/www.facet.unt.edu.ar\/facetinforma\/wp-json\/wp\/v2\/users\/123473"}],"replies":[{"embeddable":true,"href":"https:\/\/www.facet.unt.edu.ar\/facetinforma\/wp-json\/wp\/v2\/comments?post=23310"}],"version-history":[{"count":7,"href":"https:\/\/www.facet.unt.edu.ar\/facetinforma\/wp-json\/wp\/v2\/posts\/23310\/revisions"}],"predecessor-version":[{"id":23318,"href":"https:\/\/www.facet.unt.edu.ar\/facetinforma\/wp-json\/wp\/v2\/posts\/23310\/revisions\/23318"}],"wp:featuredmedia":[{"embeddable":true,"href":"https:\/\/www.facet.unt.edu.ar\/facetinforma\/wp-json\/wp\/v2\/media\/23313"}],"wp:attachment":[{"href":"https:\/\/www.facet.unt.edu.ar\/facetinforma\/wp-json\/wp\/v2\/media?parent=23310"}],"wp:term":[{"taxonomy":"category","embeddable":true,"href":"https:\/\/www.facet.unt.edu.ar\/facetinforma\/wp-json\/wp\/v2\/categories?post=23310"},{"taxonomy":"post_tag","embeddable":true,"href":"https:\/\/www.facet.unt.edu.ar\/facetinforma\/wp-json\/wp\/v2\/tags?post=23310"}],"curies":[{"name":"wp","href":"https:\/\/api.w.org\/{rel}","templated":true}]}}