{"id":23323,"date":"2022-03-22T11:35:59","date_gmt":"2022-03-22T14:35:59","guid":{"rendered":"https:\/\/www.facet.unt.edu.ar\/facetinforma\/?p=23323"},"modified":"2022-03-22T11:50:42","modified_gmt":"2022-03-22T14:50:42","slug":"inscripciones-abiertas-programa-de-becas-roberto-rocca-2022","status":"publish","type":"post","link":"https:\/\/www.facet.unt.edu.ar\/facetinforma\/2022\/03\/22\/inscripciones-abiertas-programa-de-becas-roberto-rocca-2022\/","title":{"rendered":"Inscripciones Abiertas | Programa de Becas Roberto Rocca 2022."},"content":{"rendered":"<div id=\"pl-23323\"  class=\"panel-layout\"><div id=\"pg-23323-0\"  class=\"panel-grid panel-no-style\"><div id=\"pgc-23323-0-0\"  class=\"panel-grid-cell\"><div id=\"panel-23323-0-0-0\" class=\"so-panel widget widget_media_image panel-first-child panel-last-child\" data-index=\"0\"><img width=\"1080\" height=\"1080\" src=\"https:\/\/www.facet.unt.edu.ar\/facetinforma\/wp-content\/uploads\/sites\/9\/2022\/03\/2022-03-16-charla-curso-frances-relaciones-internacionales-2.png\" class=\"image wp-image-23324  attachment-full size-full\" alt=\"\" decoding=\"async\" loading=\"lazy\" style=\"max-width: 100%; height: auto;\" \/><\/div><\/div><div id=\"pgc-23323-0-1\"  class=\"panel-grid-cell\"><div id=\"panel-23323-0-1-0\" class=\"so-panel widget widget_sow-editor panel-first-child panel-last-child\" data-index=\"1\"><div\n\t\t\t\n\t\t\tclass=\"so-widget-sow-editor so-widget-sow-editor-base\">\n<div class=\"siteorigin-widget-tinymce textwidget\">\n\t<p>Se informa a los interesados que se encuentra abierta la inscripci\u00f3n para el Programa de Becas Roberto Rocca 2022, destinado a estudiantes que ingresan al 1er a\u00f1o y a los que comienzan 2do a\u00f1o en la Facultad.<\/p>\n<p><\/p><\/div><\/div><\/div><\/div><\/div><\/div><p><a class=\"more-link\" href=\"https:\/\/www.facet.unt.edu.ar\/facetinforma\/2022\/03\/22\/inscripciones-abiertas-programa-de-becas-roberto-rocca-2022\/\">Leer m\u00e1s<span class=\"meta-nav\">&rarr;<\/span><\/a><\/p>","protected":false},"excerpt":{"rendered":"<p>Se informa a los interesados que se encuentra abierta la inscripci\u00f3n para el Programa de Becas Roberto Rocca 2022, destinado a estudiantes que ingresan al 1er a\u00f1o y a los que comienzan 2do a\u00f1o en la Facultad. Las carreras a considerar son: \u00b7 Ingenier\u00eda Electricista \u00b7 Ingenier\u00eda Electr\u00f3nica \u00b7 Ingenier\u00eda Mec\u00e1nica \u00b7 Geolog\u00eda \u00b7 Ing. [&hellip;]<\/p>\n","protected":false},"author":123473,"featured_media":23324,"comment_status":"closed","ping_status":"closed","sticky":false,"template":"","format":"standard","meta":[],"categories":[1],"tags":[],"_links":{"self":[{"href":"https:\/\/www.facet.unt.edu.ar\/facetinforma\/wp-json\/wp\/v2\/posts\/23323"}],"collection":[{"href":"https:\/\/www.facet.unt.edu.ar\/facetinforma\/wp-json\/wp\/v2\/posts"}],"about":[{"href":"https:\/\/www.facet.unt.edu.ar\/facetinforma\/wp-json\/wp\/v2\/types\/post"}],"author":[{"embeddable":true,"href":"https:\/\/www.facet.unt.edu.ar\/facetinforma\/wp-json\/wp\/v2\/users\/123473"}],"replies":[{"embeddable":true,"href":"https:\/\/www.facet.unt.edu.ar\/facetinforma\/wp-json\/wp\/v2\/comments?post=23323"}],"version-history":[{"count":19,"href":"https:\/\/www.facet.unt.edu.ar\/facetinforma\/wp-json\/wp\/v2\/posts\/23323\/revisions"}],"predecessor-version":[{"id":23339,"href":"https:\/\/www.facet.unt.edu.ar\/facetinforma\/wp-json\/wp\/v2\/posts\/23323\/revisions\/23339"}],"wp:featuredmedia":[{"embeddable":true,"href":"https:\/\/www.facet.unt.edu.ar\/facetinforma\/wp-json\/wp\/v2\/media\/23324"}],"wp:attachment":[{"href":"https:\/\/www.facet.unt.edu.ar\/facetinforma\/wp-json\/wp\/v2\/media?parent=23323"}],"wp:term":[{"taxonomy":"category","embeddable":true,"href":"https:\/\/www.facet.unt.edu.ar\/facetinforma\/wp-json\/wp\/v2\/categories?post=23323"},{"taxonomy":"post_tag","embeddable":true,"href":"https:\/\/www.facet.unt.edu.ar\/facetinforma\/wp-json\/wp\/v2\/tags?post=23323"}],"curies":[{"name":"wp","href":"https:\/\/api.w.org\/{rel}","templated":true}]}}