{"id":23358,"date":"2022-03-28T11:05:44","date_gmt":"2022-03-28T14:05:44","guid":{"rendered":"https:\/\/www.facet.unt.edu.ar\/facetinforma\/?p=23358"},"modified":"2022-04-01T17:57:49","modified_gmt":"2022-04-01T20:57:49","slug":"inscripciones-abiertas-curso-frances-chez-la-facet-2022","status":"publish","type":"post","link":"https:\/\/www.facet.unt.edu.ar\/facetinforma\/2022\/03\/28\/inscripciones-abiertas-curso-frances-chez-la-facet-2022\/","title":{"rendered":"Inscripciones Abiertas | Curso \u201cFranc\u00e9s chez la FACET, 2022\u201d"},"content":{"rendered":"<div id=\"pl-23358\"  class=\"panel-layout\"><div id=\"pg-23358-0\"  class=\"panel-grid panel-no-style\"><div id=\"pgc-23358-0-0\"  class=\"panel-grid-cell\"><div id=\"panel-23358-0-0-0\" class=\"so-panel widget widget_media_image panel-first-child panel-last-child\" data-index=\"0\"><img width=\"1300\" height=\"1300\" src=\"https:\/\/www.facet.unt.edu.ar\/facetinforma\/wp-content\/uploads\/sites\/9\/2022\/03\/curso-frances-inscripciones.png\" class=\"image wp-image-23424  attachment-full size-full\" alt=\"\" decoding=\"async\" loading=\"lazy\" style=\"max-width: 100%; height: auto;\" \/><\/div><\/div><div id=\"pgc-23358-0-1\"  class=\"panel-grid-cell\"><div id=\"panel-23358-0-1-0\" class=\"so-panel widget widget_sow-editor panel-first-child panel-last-child\" data-index=\"1\"><div\n\t\t\t\n\t\t\tclass=\"so-widget-sow-editor so-widget-sow-editor-base\">\n<div class=\"siteorigin-widget-tinymce textwidget\">\n\t<p>El \u00c1rea de Relaciones Internacionales de la FACET invita a la comunidad de nuestra Facultad a participar del curso de<strong> Franc\u00e9s, Nivel Elemental - A1 (sin conocimientos del idioma)<\/strong> a cargo de la <strong>Prof. Mariana Sawaya<\/strong>, que dar\u00e1 inicio el lunes, <strong>11\u00a0de abril<\/strong>, en modalidad <em>online<\/em>.<\/p>\n<p><\/p><\/div><\/div><\/div><\/div><\/div><\/div><p><a class=\"more-link\" href=\"https:\/\/www.facet.unt.edu.ar\/facetinforma\/2022\/03\/28\/inscripciones-abiertas-curso-frances-chez-la-facet-2022\/\">Leer m\u00e1s<span class=\"meta-nav\">&rarr;<\/span><\/a><\/p>","protected":false},"excerpt":{"rendered":"<p>El \u00c1rea de Relaciones Internacionales de la FACET invita a la comunidad de nuestra Facultad a participar del curso de Franc\u00e9s, Nivel Elemental &#8211; A1 (sin conocimientos del idioma) a cargo de la Prof. Mariana Sawaya, que dar\u00e1 inicio el lunes, 11\u00a0de abril, en modalidad online. Informaci\u00f3n importante Inicio: lunes 11 de abril.Los lunes y [&hellip;]<\/p>\n","protected":false},"author":123473,"featured_media":23424,"comment_status":"closed","ping_status":"closed","sticky":false,"template":"","format":"standard","meta":[],"categories":[1],"tags":[],"_links":{"self":[{"href":"https:\/\/www.facet.unt.edu.ar\/facetinforma\/wp-json\/wp\/v2\/posts\/23358"}],"collection":[{"href":"https:\/\/www.facet.unt.edu.ar\/facetinforma\/wp-json\/wp\/v2\/posts"}],"about":[{"href":"https:\/\/www.facet.unt.edu.ar\/facetinforma\/wp-json\/wp\/v2\/types\/post"}],"author":[{"embeddable":true,"href":"https:\/\/www.facet.unt.edu.ar\/facetinforma\/wp-json\/wp\/v2\/users\/123473"}],"replies":[{"embeddable":true,"href":"https:\/\/www.facet.unt.edu.ar\/facetinforma\/wp-json\/wp\/v2\/comments?post=23358"}],"version-history":[{"count":38,"href":"https:\/\/www.facet.unt.edu.ar\/facetinforma\/wp-json\/wp\/v2\/posts\/23358\/revisions"}],"predecessor-version":[{"id":23377,"href":"https:\/\/www.facet.unt.edu.ar\/facetinforma\/wp-json\/wp\/v2\/posts\/23358\/revisions\/23377"}],"wp:featuredmedia":[{"embeddable":true,"href":"https:\/\/www.facet.unt.edu.ar\/facetinforma\/wp-json\/wp\/v2\/media\/23424"}],"wp:attachment":[{"href":"https:\/\/www.facet.unt.edu.ar\/facetinforma\/wp-json\/wp\/v2\/media?parent=23358"}],"wp:term":[{"taxonomy":"category","embeddable":true,"href":"https:\/\/www.facet.unt.edu.ar\/facetinforma\/wp-json\/wp\/v2\/categories?post=23358"},{"taxonomy":"post_tag","embeddable":true,"href":"https:\/\/www.facet.unt.edu.ar\/facetinforma\/wp-json\/wp\/v2\/tags?post=23358"}],"curies":[{"name":"wp","href":"https:\/\/api.w.org\/{rel}","templated":true}]}}