{"id":23548,"date":"2022-04-25T11:51:32","date_gmt":"2022-04-25T14:51:32","guid":{"rendered":"https:\/\/www.facet.unt.edu.ar\/facetinforma\/?p=23548"},"modified":"2022-04-25T12:04:11","modified_gmt":"2022-04-25T15:04:11","slug":"invitacion-defensa-de-tesis-de-maestria-en-luminotecnia","status":"publish","type":"post","link":"https:\/\/www.facet.unt.edu.ar\/facetinforma\/2022\/04\/25\/invitacion-defensa-de-tesis-de-maestria-en-luminotecnia\/","title":{"rendered":"Invitaci\u00f3n | Defensa de Tesis de Maestr\u00eda en Luminotecnia"},"content":{"rendered":"<div id=\"pl-23548\"  class=\"panel-layout\"><div id=\"pg-23548-0\"  class=\"panel-grid panel-no-style\"><div id=\"pgc-23548-0-0\"  class=\"panel-grid-cell\"><div id=\"panel-23548-0-0-0\" class=\"so-panel widget widget_media_image panel-first-child panel-last-child\" data-index=\"0\"><img width=\"1080\" height=\"1080\" src=\"https:\/\/www.facet.unt.edu.ar\/facetinforma\/wp-content\/uploads\/sites\/9\/2022\/04\/2022-04-25-invitacion-defensa-de-tesis-maestria-luminotecnia-estevez.jpg\" class=\"image wp-image-23549  attachment-full size-full\" alt=\"\" decoding=\"async\" loading=\"lazy\" style=\"max-width: 100%; height: auto;\" \/><\/div><\/div><div id=\"pgc-23548-0-1\"  class=\"panel-grid-cell\"><div id=\"panel-23548-0-1-0\" class=\"so-panel widget widget_sow-editor panel-first-child panel-last-child\" data-index=\"1\"><div\n\t\t\t\n\t\t\tclass=\"so-widget-sow-editor so-widget-sow-editor-base\">\n<div class=\"siteorigin-widget-tinymce textwidget\">\n\t<p>Invitaci\u00f3n a Defensa de Tesis de Maestr\u00eda en Luminotecnia<\/p>\n<p>Se invita a toda la comunidad educativa y al p\u00fablico en general a presenciar la Defensa de la Tesis de Maestr\u00eda en Luminotecnia del Ing. Miguel Est\u00e9vez, titulada \u201cEstimaci\u00f3n del consumo energ\u00e9tico en iluminaci\u00f3n de la Rep\u00fablica Argentina\u201d, para acceder al grado acad\u00e9mico superior de \u201cMagister en Luminotecnia\u201d, de la carrera de Maestr\u00eda en Luminotecnia del Departamento de Luminotecnia Luz y Visi\u00f3n de la Facultad de Ciencias Exactas y Tecnolog\u00eda, Universidad Nacional de Tucum\u00e1n.<\/p>\n<p><\/p><\/div><\/div><\/div><\/div><\/div><\/div><p><a class=\"more-link\" href=\"https:\/\/www.facet.unt.edu.ar\/facetinforma\/2022\/04\/25\/invitacion-defensa-de-tesis-de-maestria-en-luminotecnia\/\">Leer m\u00e1s<span class=\"meta-nav\">&rarr;<\/span><\/a><\/p>","protected":false},"excerpt":{"rendered":"<p>Invitaci\u00f3n a Defensa de Tesis de Maestr\u00eda en Luminotecnia Se invita a toda la comunidad educativa y al p\u00fablico en general a presenciar la Defensa de la Tesis de Maestr\u00eda en Luminotecnia del Ing. Miguel Est\u00e9vez, titulada \u201cEstimaci\u00f3n del consumo energ\u00e9tico en iluminaci\u00f3n de la Rep\u00fablica Argentina\u201d, para acceder al grado acad\u00e9mico superior de \u201cMagister [&hellip;]<\/p>\n","protected":false},"author":123473,"featured_media":23549,"comment_status":"closed","ping_status":"closed","sticky":false,"template":"","format":"standard","meta":[],"categories":[1],"tags":[32,34,36,35,30,37],"_links":{"self":[{"href":"https:\/\/www.facet.unt.edu.ar\/facetinforma\/wp-json\/wp\/v2\/posts\/23548"}],"collection":[{"href":"https:\/\/www.facet.unt.edu.ar\/facetinforma\/wp-json\/wp\/v2\/posts"}],"about":[{"href":"https:\/\/www.facet.unt.edu.ar\/facetinforma\/wp-json\/wp\/v2\/types\/post"}],"author":[{"embeddable":true,"href":"https:\/\/www.facet.unt.edu.ar\/facetinforma\/wp-json\/wp\/v2\/users\/123473"}],"replies":[{"embeddable":true,"href":"https:\/\/www.facet.unt.edu.ar\/facetinforma\/wp-json\/wp\/v2\/comments?post=23548"}],"version-history":[{"count":9,"href":"https:\/\/www.facet.unt.edu.ar\/facetinforma\/wp-json\/wp\/v2\/posts\/23548\/revisions"}],"predecessor-version":[{"id":23555,"href":"https:\/\/www.facet.unt.edu.ar\/facetinforma\/wp-json\/wp\/v2\/posts\/23548\/revisions\/23555"}],"wp:featuredmedia":[{"embeddable":true,"href":"https:\/\/www.facet.unt.edu.ar\/facetinforma\/wp-json\/wp\/v2\/media\/23549"}],"wp:attachment":[{"href":"https:\/\/www.facet.unt.edu.ar\/facetinforma\/wp-json\/wp\/v2\/media?parent=23548"}],"wp:term":[{"taxonomy":"category","embeddable":true,"href":"https:\/\/www.facet.unt.edu.ar\/facetinforma\/wp-json\/wp\/v2\/categories?post=23548"},{"taxonomy":"post_tag","embeddable":true,"href":"https:\/\/www.facet.unt.edu.ar\/facetinforma\/wp-json\/wp\/v2\/tags?post=23548"}],"curies":[{"name":"wp","href":"https:\/\/api.w.org\/{rel}","templated":true}]}}