{"id":23560,"date":"2022-04-26T11:36:25","date_gmt":"2022-04-26T14:36:25","guid":{"rendered":"https:\/\/www.facet.unt.edu.ar\/facetinforma\/?p=23560"},"modified":"2022-04-26T11:50:08","modified_gmt":"2022-04-26T14:50:08","slug":"invitacion-especializacion-en-gestion-industrial","status":"publish","type":"post","link":"https:\/\/www.facet.unt.edu.ar\/facetinforma\/2022\/04\/26\/invitacion-especializacion-en-gestion-industrial\/","title":{"rendered":"Invitaci\u00f3n | Especializaci\u00f3n en Gesti\u00f3n Industrial"},"content":{"rendered":"<div id=\"pl-23560\"  class=\"panel-layout\"><div id=\"pg-23560-0\"  class=\"panel-grid panel-no-style\"><div id=\"pgc-23560-0-0\"  class=\"panel-grid-cell\"><div id=\"panel-23560-0-0-0\" class=\"so-panel widget widget_media_image panel-first-child panel-last-child\" data-index=\"0\"><img width=\"1080\" height=\"1080\" src=\"https:\/\/www.facet.unt.edu.ar\/facetinforma\/wp-content\/uploads\/sites\/9\/2022\/04\/2022-04-26-posgrado-especializacion-en-gestion-industrial2.jpg\" class=\"image wp-image-23572  attachment-full size-full\" alt=\"\" decoding=\"async\" loading=\"lazy\" style=\"max-width: 100%; height: auto;\" \/><\/div><\/div><div id=\"pgc-23560-0-1\"  class=\"panel-grid-cell\"><div id=\"panel-23560-0-1-0\" class=\"so-panel widget widget_sow-editor panel-first-child panel-last-child\" data-index=\"1\"><div\n\t\t\t\n\t\t\tclass=\"so-widget-sow-editor so-widget-sow-editor-base\">\n<div class=\"siteorigin-widget-tinymce textwidget\">\n\t<p><span id=\"page3R_mcid20\"><span dir=\"ltr\" role=\"presentation\">El equipo de la Facultad de Ciencias Exactas y Tecnolog\u00eda ofrece este <\/span><\/span><span id=\"page3R_mcid21\"><span dir=\"ltr\" role=\"presentation\">posgrado de especializaci\u00f3n buscando formar profesionales con <\/span><\/span><span id=\"page3R_mcid22\"><span dir=\"ltr\" role=\"presentation\">competencias<\/span><\/span><span id=\"page3R_mcid23\"> <span dir=\"ltr\" role=\"presentation\">en manejo de las<\/span><\/span><span id=\"page3R_mcid24\"> <span dir=\"ltr\" role=\"presentation\">TICs<\/span><\/span><span id=\"page3R_mcid25\"> <span dir=\"ltr\" role=\"presentation\">aplicadas a la gesti\u00f3n y Gesti\u00f3n <\/span><\/span><span id=\"page3R_mcid26\"><span dir=\"ltr\" role=\"presentation\">de proyectos tecnol\u00f3gicos, dos ejes transversales que les permitir\u00e1n <\/span><\/span><span id=\"page3R_mcid27\"><span dir=\"ltr\" role=\"presentation\">adaptarse al nuevo entorno cambiante alcanzando puestos de <\/span><\/span><span id=\"page3R_mcid28\"><span dir=\"ltr\" role=\"presentation\">liderazgo en las organizaciones.<\/span><\/span><\/p>\n<p><\/p><\/div><\/div><\/div><\/div><\/div><\/div><p><a class=\"more-link\" href=\"https:\/\/www.facet.unt.edu.ar\/facetinforma\/2022\/04\/26\/invitacion-especializacion-en-gestion-industrial\/\">Leer m\u00e1s<span class=\"meta-nav\">&rarr;<\/span><\/a><\/p>","protected":false},"excerpt":{"rendered":"<p>El equipo de la Facultad de Ciencias Exactas y Tecnolog\u00eda ofrece este posgrado de especializaci\u00f3n buscando formar profesionales con competencias en manejo de las TICs aplicadas a la gesti\u00f3n y Gesti\u00f3n de proyectos tecnol\u00f3gicos, dos ejes transversales que les permitir\u00e1n adaptarse al nuevo entorno cambiante alcanzando puestos de liderazgo en las organizaciones. Inicio de Actividades: [&hellip;]<\/p>\n","protected":false},"author":123473,"featured_media":23561,"comment_status":"closed","ping_status":"closed","sticky":false,"template":"","format":"standard","meta":[],"categories":[1],"tags":[43,39,40,42,41,44,38,45],"_links":{"self":[{"href":"https:\/\/www.facet.unt.edu.ar\/facetinforma\/wp-json\/wp\/v2\/posts\/23560"}],"collection":[{"href":"https:\/\/www.facet.unt.edu.ar\/facetinforma\/wp-json\/wp\/v2\/posts"}],"about":[{"href":"https:\/\/www.facet.unt.edu.ar\/facetinforma\/wp-json\/wp\/v2\/types\/post"}],"author":[{"embeddable":true,"href":"https:\/\/www.facet.unt.edu.ar\/facetinforma\/wp-json\/wp\/v2\/users\/123473"}],"replies":[{"embeddable":true,"href":"https:\/\/www.facet.unt.edu.ar\/facetinforma\/wp-json\/wp\/v2\/comments?post=23560"}],"version-history":[{"count":13,"href":"https:\/\/www.facet.unt.edu.ar\/facetinforma\/wp-json\/wp\/v2\/posts\/23560\/revisions"}],"predecessor-version":[{"id":23566,"href":"https:\/\/www.facet.unt.edu.ar\/facetinforma\/wp-json\/wp\/v2\/posts\/23560\/revisions\/23566"}],"wp:featuredmedia":[{"embeddable":true,"href":"https:\/\/www.facet.unt.edu.ar\/facetinforma\/wp-json\/wp\/v2\/media\/23561"}],"wp:attachment":[{"href":"https:\/\/www.facet.unt.edu.ar\/facetinforma\/wp-json\/wp\/v2\/media?parent=23560"}],"wp:term":[{"taxonomy":"category","embeddable":true,"href":"https:\/\/www.facet.unt.edu.ar\/facetinforma\/wp-json\/wp\/v2\/categories?post=23560"},{"taxonomy":"post_tag","embeddable":true,"href":"https:\/\/www.facet.unt.edu.ar\/facetinforma\/wp-json\/wp\/v2\/tags?post=23560"}],"curies":[{"name":"wp","href":"https:\/\/api.w.org\/{rel}","templated":true}]}}