{"id":2411,"date":"2012-12-06T09:36:54","date_gmt":"2012-12-06T09:36:54","guid":{"rendered":"http:\/\/www1.herrera.unt.edu.ar\/facetinforma\/?p=2411"},"modified":"2012-12-06T09:36:54","modified_gmt":"2012-12-06T09:36:54","slug":"i-seminario-de-introduccion-a-la-programacion-en-dispositivos-moviles","status":"publish","type":"post","link":"https:\/\/www.facet.unt.edu.ar\/facetinforma\/2012\/12\/06\/i-seminario-de-introduccion-a-la-programacion-en-dispositivos-moviles\/","title":{"rendered":"I Seminario de Introducci\u00f3n a la Programaci\u00f3n en Dispositivos M\u00f3viles"},"content":{"rendered":"<p style=\"text-align: justify\">Se invita a la comunidad al <strong>\u201cI Seminario de introducci\u00f3n a la programaci\u00f3n en dispositivos m\u00f3viles\u201d<\/strong>, que se realizar\u00e1 el d\u00eda 10 de Diciembre a partir de las 16 hs en el Laboratorio de Medios Audiovisuales (LAMAV), en donde los investigadores de la Universidad de Girona: Dr. Ram\u00f3n Fabregat Gesa y Mg. Silvia Margarita Valdiris Navarro, brindar\u00e1n la conferencia mediante Videollamada sobre \u201cTecnolog\u00edas emergentes para la atenci\u00f3n a la diversidad, la experiencia de la Universitat de Girona\u201d.<\/p>\n<p style=\"text-align: justify\">Luego, docentes y estudiantes de la FACET, como muestra, desarrollar\u00e1n una aplicaci\u00f3n con lenguajes web que se subir\u00e1 a la &#8220;nube&#8221; para convertirla en una aplicaci\u00f3n para dispositivos m\u00f3viles que los participantes podr\u00e1n llevar en sus celulares. <\/p>\n<p style=\"text-align: justify\">M\u00e1s informaci\u00f3n en: <a href=\"http:\/\/incluyemefacet.wordpress.com\/\" target=\"_blank\">http:\/\/incluyemefacet.wordpress.com\/<\/a><\/p>\n","protected":false},"excerpt":{"rendered":"<p>Se invita a la comunidad al \u201cI Seminario de introducci\u00f3n a la programaci\u00f3n en dispositivos m\u00f3viles\u201d, que se realizar\u00e1 el d\u00eda 10 de Diciembre a partir de las 16 hs en el Laboratorio de Medios Audiovisuales (LAMAV), en donde los investigadores de la Universidad de Girona: Dr. Ram\u00f3n Fabregat Gesa y Mg. Silvia Margarita Valdiris [&hellip;]<\/p>\n","protected":false},"author":6,"featured_media":0,"comment_status":"closed","ping_status":"open","sticky":false,"template":"","format":"standard","meta":[],"categories":[5],"tags":[],"_links":{"self":[{"href":"https:\/\/www.facet.unt.edu.ar\/facetinforma\/wp-json\/wp\/v2\/posts\/2411"}],"collection":[{"href":"https:\/\/www.facet.unt.edu.ar\/facetinforma\/wp-json\/wp\/v2\/posts"}],"about":[{"href":"https:\/\/www.facet.unt.edu.ar\/facetinforma\/wp-json\/wp\/v2\/types\/post"}],"author":[{"embeddable":true,"href":"https:\/\/www.facet.unt.edu.ar\/facetinforma\/wp-json\/wp\/v2\/users\/6"}],"replies":[{"embeddable":true,"href":"https:\/\/www.facet.unt.edu.ar\/facetinforma\/wp-json\/wp\/v2\/comments?post=2411"}],"version-history":[{"count":0,"href":"https:\/\/www.facet.unt.edu.ar\/facetinforma\/wp-json\/wp\/v2\/posts\/2411\/revisions"}],"wp:attachment":[{"href":"https:\/\/www.facet.unt.edu.ar\/facetinforma\/wp-json\/wp\/v2\/media?parent=2411"}],"wp:term":[{"taxonomy":"category","embeddable":true,"href":"https:\/\/www.facet.unt.edu.ar\/facetinforma\/wp-json\/wp\/v2\/categories?post=2411"},{"taxonomy":"post_tag","embeddable":true,"href":"https:\/\/www.facet.unt.edu.ar\/facetinforma\/wp-json\/wp\/v2\/tags?post=2411"}],"curies":[{"name":"wp","href":"https:\/\/api.w.org\/{rel}","templated":true}]}}