{"id":2441,"date":"2012-12-07T18:30:57","date_gmt":"2012-12-07T18:30:57","guid":{"rendered":"http:\/\/www1.herrera.unt.edu.ar\/facetinforma\/?p=2441"},"modified":"2012-12-07T18:30:57","modified_gmt":"2012-12-07T18:30:57","slug":"congreso-internacional-sobre-riesgos-de-desastres-y-desarrollo-territorial-sostenible","status":"publish","type":"post","link":"https:\/\/www.facet.unt.edu.ar\/facetinforma\/2012\/12\/07\/congreso-internacional-sobre-riesgos-de-desastres-y-desarrollo-territorial-sostenible\/","title":{"rendered":"Congreso Internacional  sobre Riesgos de Desastres y Desarrollo Territorial Sostenible"},"content":{"rendered":"<p style=\"text-align: justify\">La Facultad de Tecnolog\u00eda y Ciencias Aplicadas de la Universidad Nacional de Catamarca, invita a la comunidad acad\u00e9mica a participar en la realizaci\u00f3n del &#8220;CONGRESO INTERNACIONAL SOBRE RIESGOS DE DESASTRES Y DESARROLLO\u00a0TERRITORIAL SOSTENIBLE\u201d, CIRiDe, a realizarse en la provincia de Catamarca, del \u00a022 AL 24 DE ABRIL DE 2013.<\/p>\n<p style=\"text-align: justify\">Por mayores informes, consulte\u00a0 el sitio:\u00a0<a href=\"http:\/\/ciride.unca.edu.ar\/\" target=\"_blank\">http:\/\/ciride.unca.edu.ar<\/a>\u00a0<\/p>\n","protected":false},"excerpt":{"rendered":"<p>La Facultad de Tecnolog\u00eda y Ciencias Aplicadas de la Universidad Nacional de Catamarca, invita a la comunidad acad\u00e9mica a participar en la realizaci\u00f3n del &#8220;CONGRESO INTERNACIONAL SOBRE RIESGOS DE DESASTRES Y DESARROLLO\u00a0TERRITORIAL SOSTENIBLE\u201d, CIRiDe, a realizarse en la provincia de Catamarca, del \u00a022 AL 24 DE ABRIL DE 2013. Por mayores informes, consulte\u00a0 el sitio:\u00a0http:\/\/ciride.unca.edu.ar\u00a0<\/p>\n","protected":false},"author":6,"featured_media":0,"comment_status":"closed","ping_status":"open","sticky":false,"template":"","format":"standard","meta":[],"categories":[5],"tags":[],"_links":{"self":[{"href":"https:\/\/www.facet.unt.edu.ar\/facetinforma\/wp-json\/wp\/v2\/posts\/2441"}],"collection":[{"href":"https:\/\/www.facet.unt.edu.ar\/facetinforma\/wp-json\/wp\/v2\/posts"}],"about":[{"href":"https:\/\/www.facet.unt.edu.ar\/facetinforma\/wp-json\/wp\/v2\/types\/post"}],"author":[{"embeddable":true,"href":"https:\/\/www.facet.unt.edu.ar\/facetinforma\/wp-json\/wp\/v2\/users\/6"}],"replies":[{"embeddable":true,"href":"https:\/\/www.facet.unt.edu.ar\/facetinforma\/wp-json\/wp\/v2\/comments?post=2441"}],"version-history":[{"count":0,"href":"https:\/\/www.facet.unt.edu.ar\/facetinforma\/wp-json\/wp\/v2\/posts\/2441\/revisions"}],"wp:attachment":[{"href":"https:\/\/www.facet.unt.edu.ar\/facetinforma\/wp-json\/wp\/v2\/media?parent=2441"}],"wp:term":[{"taxonomy":"category","embeddable":true,"href":"https:\/\/www.facet.unt.edu.ar\/facetinforma\/wp-json\/wp\/v2\/categories?post=2441"},{"taxonomy":"post_tag","embeddable":true,"href":"https:\/\/www.facet.unt.edu.ar\/facetinforma\/wp-json\/wp\/v2\/tags?post=2441"}],"curies":[{"name":"wp","href":"https:\/\/api.w.org\/{rel}","templated":true}]}}