{"id":24735,"date":"2022-10-25T09:31:59","date_gmt":"2022-10-25T12:31:59","guid":{"rendered":"https:\/\/www.facet.unt.edu.ar\/facetinforma\/?p=24735"},"modified":"2022-10-25T10:41:47","modified_gmt":"2022-10-25T13:41:47","slug":"exactas-para-todos-una-tradicion-que-late-en-la-facet","status":"publish","type":"post","link":"https:\/\/www.facet.unt.edu.ar\/facetinforma\/2022\/10\/25\/exactas-para-todos-una-tradicion-que-late-en-la-facet\/","title":{"rendered":"Noticias | Exactas para Todos: Una tradici\u00f3n que late en la FACET"},"content":{"rendered":"<div id=\"pl-24735\"  class=\"panel-layout\"><div id=\"pg-24735-0\"  class=\"panel-grid panel-no-style\"><div id=\"pgc-24735-0-0\"  class=\"panel-grid-cell\"><div id=\"panel-24735-0-0-0\" class=\"so-panel widget widget_media_image panel-first-child panel-last-child\" data-index=\"0\"><img width=\"1080\" height=\"1350\" src=\"https:\/\/www.facet.unt.edu.ar\/facetinforma\/wp-content\/uploads\/sites\/9\/2022\/10\/2022-06-03-Visita-del-Jardincito-a-una-libreria-anaya-3.png\" class=\"image wp-image-24736  attachment-full size-full\" alt=\"\" decoding=\"async\" loading=\"lazy\" style=\"max-width: 100%; height: auto;\" \/><\/div><\/div><div id=\"pgc-24735-0-1\"  class=\"panel-grid-cell\"><div id=\"panel-24735-0-1-0\" class=\"so-panel widget widget_sow-editor panel-first-child panel-last-child\" data-index=\"1\"><div\n\t\t\t\n\t\t\tclass=\"so-widget-sow-editor so-widget-sow-editor-base\">\n<div class=\"siteorigin-widget-tinymce textwidget\">\n\t<p>Con m\u00e1s de dos d\u00e9cadas de trayectoria y consagrada como una de las exposiciones m\u00e1s importantes en el \u00e1mbito acad\u00e9mico del NOA, la <strong>FACET<\/strong> present\u00f3 la edici\u00f3n 2022 de la muestra <em>\u201cExactas para Todos\u201d.<\/em><\/p>\n<p><\/p><\/div><\/div><\/div><\/div><\/div><\/div><p><a class=\"more-link\" href=\"https:\/\/www.facet.unt.edu.ar\/facetinforma\/2022\/10\/25\/exactas-para-todos-una-tradicion-que-late-en-la-facet\/\">Leer m\u00e1s<span class=\"meta-nav\">&rarr;<\/span><\/a><\/p>","protected":false},"excerpt":{"rendered":"<p>Con m\u00e1s de dos d\u00e9cadas de trayectoria y consagrada como una de las exposiciones m\u00e1s importantes en el \u00e1mbito acad\u00e9mico del NOA, la FACET present\u00f3 la edici\u00f3n 2022 de la muestra \u201cExactas para Todos\u201d. Del 19 al 21 de octubre nuestra Facultad se visti\u00f3 de gala para recibir al p\u00fablico en esta gran muestra, que [&hellip;]<\/p>\n","protected":false},"author":123473,"featured_media":24736,"comment_status":"closed","ping_status":"closed","sticky":false,"template":"","format":"standard","meta":[],"categories":[1],"tags":[],"_links":{"self":[{"href":"https:\/\/www.facet.unt.edu.ar\/facetinforma\/wp-json\/wp\/v2\/posts\/24735"}],"collection":[{"href":"https:\/\/www.facet.unt.edu.ar\/facetinforma\/wp-json\/wp\/v2\/posts"}],"about":[{"href":"https:\/\/www.facet.unt.edu.ar\/facetinforma\/wp-json\/wp\/v2\/types\/post"}],"author":[{"embeddable":true,"href":"https:\/\/www.facet.unt.edu.ar\/facetinforma\/wp-json\/wp\/v2\/users\/123473"}],"replies":[{"embeddable":true,"href":"https:\/\/www.facet.unt.edu.ar\/facetinforma\/wp-json\/wp\/v2\/comments?post=24735"}],"version-history":[{"count":7,"href":"https:\/\/www.facet.unt.edu.ar\/facetinforma\/wp-json\/wp\/v2\/posts\/24735\/revisions"}],"predecessor-version":[{"id":24739,"href":"https:\/\/www.facet.unt.edu.ar\/facetinforma\/wp-json\/wp\/v2\/posts\/24735\/revisions\/24739"}],"wp:featuredmedia":[{"embeddable":true,"href":"https:\/\/www.facet.unt.edu.ar\/facetinforma\/wp-json\/wp\/v2\/media\/24736"}],"wp:attachment":[{"href":"https:\/\/www.facet.unt.edu.ar\/facetinforma\/wp-json\/wp\/v2\/media?parent=24735"}],"wp:term":[{"taxonomy":"category","embeddable":true,"href":"https:\/\/www.facet.unt.edu.ar\/facetinforma\/wp-json\/wp\/v2\/categories?post=24735"},{"taxonomy":"post_tag","embeddable":true,"href":"https:\/\/www.facet.unt.edu.ar\/facetinforma\/wp-json\/wp\/v2\/tags?post=24735"}],"curies":[{"name":"wp","href":"https:\/\/api.w.org\/{rel}","templated":true}]}}