{"id":24869,"date":"2022-11-25T11:46:47","date_gmt":"2022-11-25T14:46:47","guid":{"rendered":"https:\/\/www.facet.unt.edu.ar\/facetinforma\/?p=24869"},"modified":"2022-11-25T11:47:09","modified_gmt":"2022-11-25T14:47:09","slug":"25-de-noviembre-dia-internacional-de-la-eliminacion-de-la-violencia-contra-las-mujeres","status":"publish","type":"post","link":"https:\/\/www.facet.unt.edu.ar\/facetinforma\/2022\/11\/25\/25-de-noviembre-dia-internacional-de-la-eliminacion-de-la-violencia-contra-las-mujeres\/","title":{"rendered":"25 de Noviembre | D\u00eda Internacional de la Eliminaci\u00f3n de la Violencia contra las Mujeres"},"content":{"rendered":"<div id=\"pl-24869\"  class=\"panel-layout\" ><div id=\"pg-24869-0\"  class=\"panel-grid panel-no-style\" ><div id=\"pgc-24869-0-0\"  class=\"panel-grid-cell\" ><div id=\"panel-24869-0-0-0\" class=\"so-panel widget widget_media_image panel-first-child panel-last-child\" data-index=\"0\" ><img width=\"1080\" height=\"1350\" src=\"https:\/\/www.facet.unt.edu.ar\/facetinforma\/wp-content\/uploads\/sites\/9\/2022\/11\/CURSOS-1080-\u00d7-1350-px-10.png\" class=\"image wp-image-24870  attachment-full size-full\" alt=\"\" decoding=\"async\" loading=\"lazy\" style=\"max-width: 100%; height: auto;\" \/><\/div><\/div><div id=\"pgc-24869-0-1\"  class=\"panel-grid-cell\" ><div id=\"panel-24869-0-1-0\" class=\"so-panel widget widget_sow-editor panel-first-child panel-last-child\" data-index=\"1\" ><div\n\t\t\t\n\t\t\tclass=\"so-widget-sow-editor so-widget-sow-editor-base\"\n\t\t\t\n\t\t>\n<div class=\"siteorigin-widget-tinymce textwidget\">\n\t<p>En nuestro pa\u00eds, hoy es una jornada de lucha y reivindicaci\u00f3n por los derechos de las mujeres, visibilizando todas las formas que existen de violencia de g\u00e9nero.<\/p>\n<p>Las referetes del<strong> \"Protocolo de acci\u00f3n institucional para la prevenci\u00f3n e Intervenci\u00f3n ante situaciones de violencia o discriminacion de g\u00e9nero u orientaci\u00f3n sexual\"<\/strong> (res 2241\/2017 HCS UNT), de nuestra Facultad,<strong> Prof Mariana Madozzo y Psic. Ver\u00f3nica Lobos,<\/strong> participaron de la producci\u00f3n audivisual de la <strong>Secretar\u00eda de G\u00e9nero, Diversidad y Derechos Humano<\/strong>s a cargo de la <strong>Lic. Julia Salda\u00f1o.<\/strong><\/p>\n<div class=\"x11i5rnm xat24cr x1mh8g0r x1vvkbs xtlvy1s x126k92a\">\n<div dir=\"auto\"><iframe loading=\"lazy\" src=\"\/\/www.youtube.com\/embed\/qG7UumD-Qzk\" width=\"560\" height=\"314\" allowfullscreen=\"allowfullscreen\"><\/iframe><\/div>\n<\/div>\n<p>Esta fecha recuerda el feminicidio en el a\u00f1o 1960 de las hermanas<em> Mirabal<\/em> a manos de la dictadura de <strong>Le\u00f3nidas Trujillo<\/strong> en Rep\u00fablica Dominicana.<\/p>\n<blockquote>\n<p><strong><em>Noviembre 25<\/em><\/strong><\/p>\n<p><em>En la selva del Alto Paran\u00e1, las mariposas m\u00e1s lindas se salvan exhibi\u00e9ndose. Despliegan sus alas negras, alegradas a pinceladas rojas o amarillas, y de flor en flor aletean sin la menor preocupaci\u00f3n. Al cabo de miles y miles de a\u00f1os de experiencia, sus enemigos han aprendido que esas mariposas contienen veneno. Las ara\u00f1as, las avispas, las lagartijas, las moscas y los murci\u00e9lagos miran de lejos, a prudente distancia.<\/em><\/p>\n<p><em>El 25 de noviembre de 1960, tres militantes contra la dictadura del general\u00edsimo Trujillo fueron apaleadas y arrojadas a un abismo en la Rep\u00fablica Dominicana. Eran las hermanas Mirabal. Eran las m\u00e1s lindas, las llamaban mariposas.<\/em><\/p>\n<p><em>En su memoria, en memoria de su belleza incomible, hoy es el D\u00eda mundial contra la violencia dom\u00e9stica. O sea: contra la violencia de los trujillitos que ejercen la dictadura dentro de cada casa.<\/em><\/p>\n<p><strong>Eduardo Galeano en Los hijos de los d\u00edas (2012)<\/strong><\/p>\n<\/blockquote>\n<p>\u270aEn esta jornada de lucha reafirmamos nuestro compromiso de construir una facultad m\u00e1s equitativa, igualitaria y libre de violencias\u270a<\/p>\n<\/div>\n<\/div><\/div><\/div><\/div><\/div>","protected":false},"excerpt":{"rendered":"<p>En nuestro pa\u00eds, hoy es una jornada de lucha y reivindicaci\u00f3n por los derechos de las mujeres, visibilizando todas las formas que existen de violencia de g\u00e9nero. Las referetes del &#8220;Protocolo de acci\u00f3n institucional para la prevenci\u00f3n e Intervenci\u00f3n ante situaciones de violencia o discriminacion de g\u00e9nero u orientaci\u00f3n sexual&#8221; (res 2241\/2017 HCS UNT), de [&hellip;]<\/p>\n","protected":false},"author":123473,"featured_media":24870,"comment_status":"closed","ping_status":"closed","sticky":false,"template":"","format":"standard","meta":[],"categories":[1],"tags":[],"_links":{"self":[{"href":"https:\/\/www.facet.unt.edu.ar\/facetinforma\/wp-json\/wp\/v2\/posts\/24869"}],"collection":[{"href":"https:\/\/www.facet.unt.edu.ar\/facetinforma\/wp-json\/wp\/v2\/posts"}],"about":[{"href":"https:\/\/www.facet.unt.edu.ar\/facetinforma\/wp-json\/wp\/v2\/types\/post"}],"author":[{"embeddable":true,"href":"https:\/\/www.facet.unt.edu.ar\/facetinforma\/wp-json\/wp\/v2\/users\/123473"}],"replies":[{"embeddable":true,"href":"https:\/\/www.facet.unt.edu.ar\/facetinforma\/wp-json\/wp\/v2\/comments?post=24869"}],"version-history":[{"count":5,"href":"https:\/\/www.facet.unt.edu.ar\/facetinforma\/wp-json\/wp\/v2\/posts\/24869\/revisions"}],"predecessor-version":[{"id":24876,"href":"https:\/\/www.facet.unt.edu.ar\/facetinforma\/wp-json\/wp\/v2\/posts\/24869\/revisions\/24876"}],"wp:featuredmedia":[{"embeddable":true,"href":"https:\/\/www.facet.unt.edu.ar\/facetinforma\/wp-json\/wp\/v2\/media\/24870"}],"wp:attachment":[{"href":"https:\/\/www.facet.unt.edu.ar\/facetinforma\/wp-json\/wp\/v2\/media?parent=24869"}],"wp:term":[{"taxonomy":"category","embeddable":true,"href":"https:\/\/www.facet.unt.edu.ar\/facetinforma\/wp-json\/wp\/v2\/categories?post=24869"},{"taxonomy":"post_tag","embeddable":true,"href":"https:\/\/www.facet.unt.edu.ar\/facetinforma\/wp-json\/wp\/v2\/tags?post=24869"}],"curies":[{"name":"wp","href":"https:\/\/api.w.org\/{rel}","templated":true}]}}