{"id":2520,"date":"2012-12-17T09:34:19","date_gmt":"2012-12-17T09:34:19","guid":{"rendered":"http:\/\/www1.herrera.unt.edu.ar\/facetinforma\/?p=2520"},"modified":"2012-12-17T09:34:19","modified_gmt":"2012-12-17T09:34:19","slug":"curso-integracion-pedagogica-de-las-tic-diseno-de-material-hipermedia-educativo","status":"publish","type":"post","link":"https:\/\/www.facet.unt.edu.ar\/facetinforma\/2012\/12\/17\/curso-integracion-pedagogica-de-las-tic-diseno-de-material-hipermedia-educativo\/","title":{"rendered":"Curso &#8211; &#8220;Integraci\u00f3n pedag\u00f3gica de las TIC: Dise\u00f1o de Material Hipermedia Educativo&#8221;"},"content":{"rendered":"<p style=\"text-align: justify\">Se invita a los docentes universitarios a participar del curso:<\/p>\n<p style=\"text-align: center\" align=\"center\"><strong>&#8220;Integraci\u00f3n Pedag\u00f3gica de las TIC: dise\u00f1o de material hipermedia educativo&#8221;<\/strong><\/p>\n<p style=\"text-align: justify\">El mismo tendr\u00e1 una modalidad de cursado <strong>semipresencial<\/strong>, se desarrollar\u00e1 durante 5 semanas y las fechas de inicio ser\u00e1n:<\/p>\n<ul>\n<li><strong>Comisi\u00f3n A: <\/strong>Jueves 21\/02\/13 de 08:00 a 10:00 hs.<\/li>\n<li><strong>Comisi\u00f3n B: <\/strong>Martes 26\/02\/13 de 08:00 a 10:00 hs.<\/li>\n<\/ul>\n<p style=\"text-align: justify\">Para los docentes de Filosof\u00eda y Letras el curso ser\u00e1 totalmente gratuito, y tendr\u00e1 un cupo m\u00e1ximo de 15 inscriptos por comisi\u00f3n.<\/p>\n<p style=\"text-align: justify\"><strong>Contenidos del curso:<\/strong><\/p>\n<ul style=\"text-align: justify\">\n<li>Web 2.0 y Web 3.0<\/li>\n<li>Herramientas de b\u00fasqueda, organizaci\u00f3n y producci\u00f3n de informaci\u00f3n en Internet<\/li>\n<li>Presentaciones hipermediales<\/li>\n<li>Investigaci\u00f3n y descarga de material educativo de Internet<\/li>\n<li>Dise\u00f1o de presentaciones en Prezi<\/li>\n<li>Herramientas para el trabajo colaborativo en l\u00ednea<\/li>\n<\/ul>\n<p style=\"text-align: justify\">Para realizar la inscripci\u00f3n, ingresar al siguiente enlace:<br \/> <strong><a href=\"https:\/\/docs.google.com\/spreadsheet\/viewform?formkey=dG5EVmxYZ2ltY0xiYzlyQi1lbUZubWc6MA\" target=\"_blank\">Ficha de inscripci\u00f3n<\/a><\/strong><\/p>\n<p style=\"text-align: justify\" align=\"center\">Por cualquier inquietud, env\u00edenos un mail a la siguiente direcci\u00f3n:<a href=\"mailto:educacionadistanciaunt@gmail.com\" target=\"_blank\"> educacionadistanciaunt@gmail.com<\/a><\/p>\n<p>Se adjunta afiche del curso: <br \/>&#8211; <a href=\"https:\/\/www.facet.unt.edu.ar\/facetinforma\/wp-content\/uploads\/sites\/9\/2012\/12\/Afiche-Hipermedia-educ-solofilo.gif\" target=\"_blank\">Afiche Curso.gif<\/a><\/p>\n<div id=\"dc_vk_code\">\u00a0<\/div>\n","protected":false},"excerpt":{"rendered":"<p>Se invita a los docentes universitarios a participar del curso: &#8220;Integraci\u00f3n Pedag\u00f3gica de las TIC: dise\u00f1o de material hipermedia educativo&#8221; El mismo tendr\u00e1 una modalidad de cursado semipresencial, se desarrollar\u00e1 durante 5 semanas y las fechas de inicio ser\u00e1n: Comisi\u00f3n A: Jueves 21\/02\/13 de 08:00 a 10:00 hs. Comisi\u00f3n B: Martes 26\/02\/13 de 08:00 a [&hellip;]<\/p>\n","protected":false},"author":6,"featured_media":0,"comment_status":"closed","ping_status":"open","sticky":false,"template":"","format":"standard","meta":[],"categories":[5],"tags":[],"_links":{"self":[{"href":"https:\/\/www.facet.unt.edu.ar\/facetinforma\/wp-json\/wp\/v2\/posts\/2520"}],"collection":[{"href":"https:\/\/www.facet.unt.edu.ar\/facetinforma\/wp-json\/wp\/v2\/posts"}],"about":[{"href":"https:\/\/www.facet.unt.edu.ar\/facetinforma\/wp-json\/wp\/v2\/types\/post"}],"author":[{"embeddable":true,"href":"https:\/\/www.facet.unt.edu.ar\/facetinforma\/wp-json\/wp\/v2\/users\/6"}],"replies":[{"embeddable":true,"href":"https:\/\/www.facet.unt.edu.ar\/facetinforma\/wp-json\/wp\/v2\/comments?post=2520"}],"version-history":[{"count":0,"href":"https:\/\/www.facet.unt.edu.ar\/facetinforma\/wp-json\/wp\/v2\/posts\/2520\/revisions"}],"wp:attachment":[{"href":"https:\/\/www.facet.unt.edu.ar\/facetinforma\/wp-json\/wp\/v2\/media?parent=2520"}],"wp:term":[{"taxonomy":"category","embeddable":true,"href":"https:\/\/www.facet.unt.edu.ar\/facetinforma\/wp-json\/wp\/v2\/categories?post=2520"},{"taxonomy":"post_tag","embeddable":true,"href":"https:\/\/www.facet.unt.edu.ar\/facetinforma\/wp-json\/wp\/v2\/tags?post=2520"}],"curies":[{"name":"wp","href":"https:\/\/api.w.org\/{rel}","templated":true}]}}